

{"id":63292,"date":"2026-01-23T13:58:51","date_gmt":"2026-01-23T12:58:51","guid":{"rendered":"https:\/\/albal.es\/?p=63292"},"modified":"2026-01-23T14:16:59","modified_gmt":"2026-01-23T13:16:59","slug":"programacion-xxiii-feria-de-san-blas-2026","status":"publish","type":"post","link":"https:\/\/albal.es\/es\/noticies\/programacion-xxiii-feria-de-san-blas-2026\/","title":{"rendered":"Programaci\u00f3n XXIII Feria de San Blas 2026"},"content":{"rendered":"<p>Aqu\u00ed ten\u00e9is la programaci\u00f3n de la <strong>XXIII Feria de San Blas 2026<\/strong>, a cargo de las concejal\u00edas de Cultura y Comercio del ayuntamiento. El mercado tradicional, estands y feria de atracciones ser\u00e1n <strong>los d\u00edas 30, 31 y 1 de febrero<\/strong>.<\/p>\n<p><strong>Ubicaci\u00f3n feria:<\/strong> Av. Corts Valencianes, Mercado Municipal, c\/ Jaume I, pl. Iglesia y pl. Constituci\u00f3 (zona gastronom\u00eda).<\/p>\n<p><strong>Horarios:<\/strong><br \/>\n<span style=\"text-decoration: underline;\">Feria comercio y tradicional:<\/span> d\u00eda 30 de 18 a 22h \/ d\u00edas 31 y 1 de 10 a 22h<br \/>\n<span style=\"text-decoration: underline;\">Feria de Atracciones:<\/span> de 11 a 14.30h y de 17 a 01.00h<br \/>\nDurante la feria de atracciones y por respeto a personas con sensibilidad auditiva, <strong>de 17 a 18 horas no habr\u00e1 m\u00fasica<\/strong>.<\/p>\n<p><strong>Viernes 30:<\/strong><br \/>\n18h &#8211; Inauguraci\u00f3n de la feria, pl. del Jard\u00ed. Participa: La Murta y Colla de Dol\u00e7aines i Percussi\u00f3 SJMA<br \/>\nDe 19.30 a 21h &#8211; Grupo &#8216;Tremendo tr\u00edo&#8217;, pl. Constituci\u00f3<br \/>\n<strong>S\u00e1bado 31:<\/strong><br \/>\n11.30h &#8211; Inauguraci\u00f3n Exposici\u00f3 del Ninot, Casa Pare Carlos Ferris (concejal\u00eda Fiestas, JLF y comisiones falleras de Albal)<br \/>\nDe 12 a 13.30h &#8211; Tributo Bon Jovi, grupo &#8216;Midnight Riders Tr\u00edo&#8217;, pl. Constituci\u00f3<br \/>\nDe 19 a 20.30h &#8211; Grupo &#8216;Pop Corn&#8217;, pl. Constituci\u00f3<br \/>\n23.30h &#8211; Discom\u00f3vil Damas i Damos Santa Ana 2026, Casal Jove<br \/>\n<strong>Domingo 1:<\/strong><br \/>\nDe 8 a 14h &#8211; II Open Internacional Club Ajedrez Albal (concejal\u00eda Deporte), IES Albal<br \/>\nDe 11.30 a 12.30 h &#8211; Actuaci\u00f3n &#8216;Mago Larsen&#8217;, pl. Constituci\u00f3<br \/>\n<strong>Martes 3:<\/strong><br \/>\n10h &#8211; Venta bu\u00f1uelos a cargo de la &#8216;Penya Amics de Fontilles&#8217;, repl\u00e0 Ermita Santa Ana<br \/>\n12.30h &#8211; Misa San Blas y masclet\u00e1, Ermita Santa Ana<br \/>\n19h &#8211; Misa San Blas, Iglesia Nuestra Se\u00f1ora de los \u00c1ngeles<br \/>\n<strong>D\u00edas 4 y 5:<\/strong><br \/>\n19h &#8211; Triduo en honor a San Blas, Iglesia Nuestra Se\u00f1ora de los \u00c1ngeles<br \/>\n<strong>Viernes 6:<\/strong><br \/>\n16h &#8211; Torneo petanca (concejal\u00eda Deporte)<br \/>\n18h &#8211; Traslado imagen San Blas desde Les Palmeres hasta la iglesia San Carlos<br \/>\n19h &#8211; Triduo en honor a San Blas, iglesia San Carlos<br \/>\n<strong>S\u00e1bado 7:<\/strong><br \/>\n10h &#8211; Torneo petanca (concejal\u00eda Deporte)<br \/>\n18h &#8211; &#8216;Dansaes&#8217; Asociaci\u00f3n de Danzas de Albal &#8216;La Murta&#8217;, inicio desde la Torre Mora<br \/>\n<strong>Domingo 8:<\/strong><br \/>\n11h &#8211; Romer\u00eda San Blas y misa, de la iglesia San Carlos hasta la Ermita de Santa Ana. Participa durante la misa la Coral Polif\u00f3nica Santa Ana<br \/>\n12h &#8211; Paellas San Blas a cargo de la concejal\u00eda de Fiestas, parcking Santa Ana<br \/>\nDe 7 a 13.30h &#8211; Torneo Club Pescadores l&#8217;Anguila, puerto de Catarroja (concejal\u00eda Deporte)<\/p>\n","protected":false},"excerpt":{"rendered":"<p>Aqu\u00ed ten\u00e9is la programaci\u00f3n de la XXIII Feria de San Blas 2026, a cargo de las concejal\u00edas de Cultura y Comercio del ayuntamiento. El mercado tradicional, estands y feria de atracciones ser\u00e1n los d\u00edas 30, 31 y 1 de febrero. Ubicaci\u00f3n feria: Av. Corts Valencianes, Mercado Municipal, c\/ Jaume I, pl. Iglesia y pl. Constituci\u00f3 [&hellip;]<\/p>\n","protected":false},"author":31,"featured_media":63290,"comment_status":"closed","ping_status":"closed","sticky":false,"template":"","format":"standard","meta":{"_acf_changed":false,"_et_pb_use_builder":"","_et_pb_old_content":"","_et_gb_content_width":"","footnotes":""},"categories":[1,12],"tags":[],"coauthors":[86],"class_list":["post-63292","post","type-post","status-publish","format-standard","has-post-thumbnail","hentry","category-noticias-ayuntamiento","category-noticias-cultura"],"acf":[],"yoast_head":"<!-- This site is optimized with the Yoast SEO plugin v27.4 - https:\/\/yoast.com\/product\/yoast-seo-wordpress\/ -->\n<title>Programaci\u00f3n XXIII Feria de San Blas 2026 - Ajuntament d&#039;Albal<\/title>\n<meta name=\"description\" content=\"Programaci\u00f3 XXIII Fira de Sant Blai 2026, a c\u00e0rrec de les regidories de Cultura i Comer\u00e7 de l&#039;ajuntamentels dies 30, 31 i 1 de febrer.\" \/>\n<meta name=\"robots\" content=\"index, follow, max-snippet:-1, max-image-preview:large, max-video-preview:-1\" \/>\n<link rel=\"canonical\" href=\"https:\/\/albal.es\/es\/noticies\/programacion-xxiii-feria-de-san-blas-2026\/\" \/>\n<meta property=\"og:locale\" content=\"es_ES\" \/>\n<meta property=\"og:type\" content=\"article\" \/>\n<meta property=\"og:title\" content=\"Programaci\u00f3n XXIII Feria de San Blas 2026 - Ajuntament d&#039;Albal\" \/>\n<meta property=\"og:description\" content=\"Programaci\u00f3 XXIII Fira de Sant Blai 2026, a c\u00e0rrec de les regidories de Cultura i Comer\u00e7 de l&#039;ajuntamentels dies 30, 31 i 1 de febrer.\" \/>\n<meta property=\"og:site_name\" content=\"Ajuntament d&#039;Albal\" \/>\n<meta property=\"article:publisher\" content=\"https:\/\/facebook.com\/AjuntamentAlbal\/\" \/>\n<meta property=\"article:published_time\" content=\"2026-01-23T12:58:51+00:00\" \/>\n<meta property=\"article:modified_time\" content=\"2026-01-23T13:16:59+00:00\" \/>\n<meta property=\"og:image\" content=\"https:\/\/albal.es\/content-albal\/uploads\/2026\/01\/programacio_sant_blai_26_1.png\" \/>\n\t<meta property=\"og:image:width\" content=\"2250\" \/>\n\t<meta property=\"og:image:height\" content=\"2813\" \/>\n\t<meta property=\"og:image:type\" content=\"image\/png\" \/>\n<meta name=\"author\" content=\"Cristina Pomares Fern\u00e1ndez\" \/>\n<meta name=\"twitter:card\" content=\"summary_large_image\" \/>\n<meta name=\"twitter:label1\" content=\"Escrito por\" \/>\n\t<meta name=\"twitter:data1\" content=\"Cristina Pomares Fern\u00e1ndez\" \/>\n\t<meta name=\"twitter:label2\" content=\"Tiempo de lectura\" \/>\n\t<meta name=\"twitter:data2\" content=\"2 minutos\" \/>\n\t<meta name=\"twitter:label3\" content=\"Written by\" \/>\n\t<meta name=\"twitter:data3\" content=\"Cristina Pomares Fern\u00e1ndez\" \/>\n<script type=\"application\/ld+json\" class=\"yoast-schema-graph\">{\"@context\":\"https:\\\/\\\/schema.org\",\"@graph\":[{\"@type\":\"Article\",\"@id\":\"https:\\\/\\\/albal.es\\\/es\\\/noticies\\\/programacion-xxiii-feria-de-san-blas-2026\\\/#article\",\"isPartOf\":{\"@id\":\"https:\\\/\\\/albal.es\\\/es\\\/noticies\\\/programacion-xxiii-feria-de-san-blas-2026\\\/\"},\"author\":{\"name\":\"Cristina Pomares Fern\u00e1ndez\",\"@id\":\"https:\\\/\\\/albal.es\\\/es\\\/#\\\/schema\\\/person\\\/ae29ef751fc57095742fd1bc34bd3e52\"},\"headline\":\"Programaci\u00f3n XXIII Feria de San Blas 2026\",\"datePublished\":\"2026-01-23T12:58:51+00:00\",\"dateModified\":\"2026-01-23T13:16:59+00:00\",\"mainEntityOfPage\":{\"@id\":\"https:\\\/\\\/albal.es\\\/es\\\/noticies\\\/programacion-xxiii-feria-de-san-blas-2026\\\/\"},\"wordCount\":404,\"publisher\":{\"@id\":\"https:\\\/\\\/albal.es\\\/es\\\/#organization\"},\"image\":{\"@id\":\"https:\\\/\\\/albal.es\\\/es\\\/noticies\\\/programacion-xxiii-feria-de-san-blas-2026\\\/#primaryimage\"},\"thumbnailUrl\":\"https:\\\/\\\/albal.es\\\/content-albal\\\/uploads\\\/2026\\\/01\\\/programacio_sant_blai_26_1.png\",\"articleSection\":[\"Ayuntamiento\",\"Cultura\"],\"inLanguage\":\"es\"},{\"@type\":\"WebPage\",\"@id\":\"https:\\\/\\\/albal.es\\\/es\\\/noticies\\\/programacion-xxiii-feria-de-san-blas-2026\\\/\",\"url\":\"https:\\\/\\\/albal.es\\\/es\\\/noticies\\\/programacion-xxiii-feria-de-san-blas-2026\\\/\",\"name\":\"Programaci\u00f3n XXIII Feria de San Blas 2026 - Ajuntament d&#039;Albal\",\"isPartOf\":{\"@id\":\"https:\\\/\\\/albal.es\\\/es\\\/#website\"},\"primaryImageOfPage\":{\"@id\":\"https:\\\/\\\/albal.es\\\/es\\\/noticies\\\/programacion-xxiii-feria-de-san-blas-2026\\\/#primaryimage\"},\"image\":{\"@id\":\"https:\\\/\\\/albal.es\\\/es\\\/noticies\\\/programacion-xxiii-feria-de-san-blas-2026\\\/#primaryimage\"},\"thumbnailUrl\":\"https:\\\/\\\/albal.es\\\/content-albal\\\/uploads\\\/2026\\\/01\\\/programacio_sant_blai_26_1.png\",\"datePublished\":\"2026-01-23T12:58:51+00:00\",\"dateModified\":\"2026-01-23T13:16:59+00:00\",\"description\":\"Programaci\u00f3 XXIII Fira de Sant Blai 2026, a c\u00e0rrec de les regidories de Cultura i Comer\u00e7 de l'ajuntamentels dies 30, 31 i 1 de febrer.\",\"breadcrumb\":{\"@id\":\"https:\\\/\\\/albal.es\\\/es\\\/noticies\\\/programacion-xxiii-feria-de-san-blas-2026\\\/#breadcrumb\"},\"inLanguage\":\"es\",\"potentialAction\":[{\"@type\":\"ReadAction\",\"target\":[\"https:\\\/\\\/albal.es\\\/es\\\/noticies\\\/programacion-xxiii-feria-de-san-blas-2026\\\/\"]}]},{\"@type\":\"ImageObject\",\"inLanguage\":\"es\",\"@id\":\"https:\\\/\\\/albal.es\\\/es\\\/noticies\\\/programacion-xxiii-feria-de-san-blas-2026\\\/#primaryimage\",\"url\":\"https:\\\/\\\/albal.es\\\/content-albal\\\/uploads\\\/2026\\\/01\\\/programacio_sant_blai_26_1.png\",\"contentUrl\":\"https:\\\/\\\/albal.es\\\/content-albal\\\/uploads\\\/2026\\\/01\\\/programacio_sant_blai_26_1.png\",\"width\":2250,\"height\":2813},{\"@type\":\"BreadcrumbList\",\"@id\":\"https:\\\/\\\/albal.es\\\/es\\\/noticies\\\/programacion-xxiii-feria-de-san-blas-2026\\\/#breadcrumb\",\"itemListElement\":[{\"@type\":\"ListItem\",\"position\":1,\"name\":\"Inici\",\"item\":\"https:\\\/\\\/albal.es\\\/es\\\/\"},{\"@type\":\"ListItem\",\"position\":2,\"name\":\"Programaci\u00f3n XXIII Feria de San Blas 2026\"}]},{\"@type\":\"WebSite\",\"@id\":\"https:\\\/\\\/albal.es\\\/es\\\/#website\",\"url\":\"https:\\\/\\\/albal.es\\\/es\\\/\",\"name\":\"Ajuntament d&#039;Albal\",\"description\":\"Ajuntament d&#039;Albal\",\"publisher\":{\"@id\":\"https:\\\/\\\/albal.es\\\/es\\\/#organization\"},\"potentialAction\":[{\"@type\":\"SearchAction\",\"target\":{\"@type\":\"EntryPoint\",\"urlTemplate\":\"https:\\\/\\\/albal.es\\\/es\\\/?s={search_term_string}\"},\"query-input\":{\"@type\":\"PropertyValueSpecification\",\"valueRequired\":true,\"valueName\":\"search_term_string\"}}],\"inLanguage\":\"es\"},{\"@type\":\"Organization\",\"@id\":\"https:\\\/\\\/albal.es\\\/es\\\/#organization\",\"name\":\"Ajuntament d'Albal - Valencia\",\"url\":\"https:\\\/\\\/albal.es\\\/es\\\/\",\"logo\":{\"@type\":\"ImageObject\",\"inLanguage\":\"es\",\"@id\":\"https:\\\/\\\/albal.es\\\/es\\\/#\\\/schema\\\/logo\\\/image\\\/\",\"url\":\"https:\\\/\\\/albal.es\\\/content-albal\\\/uploads\\\/2020\\\/06\\\/logo-ayuntamiento-albal.png\",\"contentUrl\":\"https:\\\/\\\/albal.es\\\/content-albal\\\/uploads\\\/2020\\\/06\\\/logo-ayuntamiento-albal.png\",\"width\":367,\"height\":332,\"caption\":\"Ajuntament d'Albal - Valencia\"},\"image\":{\"@id\":\"https:\\\/\\\/albal.es\\\/es\\\/#\\\/schema\\\/logo\\\/image\\\/\"},\"sameAs\":[\"https:\\\/\\\/facebook.com\\\/AjuntamentAlbal\\\/\"]},{\"@type\":\"Person\",\"@id\":\"https:\\\/\\\/albal.es\\\/es\\\/#\\\/schema\\\/person\\\/ae29ef751fc57095742fd1bc34bd3e52\",\"name\":\"Cristina Pomares Fern\u00e1ndez\"}]}<\/script>\n<!-- \/ Yoast SEO plugin. -->","yoast_head_json":{"title":"Programaci\u00f3n XXIII Feria de San Blas 2026 - Ajuntament d&#039;Albal","description":"Programaci\u00f3 XXIII Fira de Sant Blai 2026, a c\u00e0rrec de les regidories de Cultura i Comer\u00e7 de l'ajuntamentels dies 30, 31 i 1 de febrer.","robots":{"index":"index","follow":"follow","max-snippet":"max-snippet:-1","max-image-preview":"max-image-preview:large","max-video-preview":"max-video-preview:-1"},"canonical":"https:\/\/albal.es\/es\/noticies\/programacion-xxiii-feria-de-san-blas-2026\/","og_locale":"es_ES","og_type":"article","og_title":"Programaci\u00f3n XXIII Feria de San Blas 2026 - Ajuntament d&#039;Albal","og_description":"Programaci\u00f3 XXIII Fira de Sant Blai 2026, a c\u00e0rrec de les regidories de Cultura i Comer\u00e7 de l'ajuntamentels dies 30, 31 i 1 de febrer.","og_site_name":"Ajuntament d&#039;Albal","article_publisher":"https:\/\/facebook.com\/AjuntamentAlbal\/","article_published_time":"2026-01-23T12:58:51+00:00","article_modified_time":"2026-01-23T13:16:59+00:00","og_image":[{"width":2250,"height":2813,"url":"https:\/\/albal.es\/content-albal\/uploads\/2026\/01\/programacio_sant_blai_26_1.png","type":"image\/png"}],"author":"Cristina Pomares Fern\u00e1ndez","twitter_card":"summary_large_image","twitter_misc":{"Escrito por":"Cristina Pomares Fern\u00e1ndez","Tiempo de lectura":"2 minutos","Written by":"Cristina Pomares Fern\u00e1ndez"},"schema":{"@context":"https:\/\/schema.org","@graph":[{"@type":"Article","@id":"https:\/\/albal.es\/es\/noticies\/programacion-xxiii-feria-de-san-blas-2026\/#article","isPartOf":{"@id":"https:\/\/albal.es\/es\/noticies\/programacion-xxiii-feria-de-san-blas-2026\/"},"author":{"name":"Cristina Pomares Fern\u00e1ndez","@id":"https:\/\/albal.es\/es\/#\/schema\/person\/ae29ef751fc57095742fd1bc34bd3e52"},"headline":"Programaci\u00f3n XXIII Feria de San Blas 2026","datePublished":"2026-01-23T12:58:51+00:00","dateModified":"2026-01-23T13:16:59+00:00","mainEntityOfPage":{"@id":"https:\/\/albal.es\/es\/noticies\/programacion-xxiii-feria-de-san-blas-2026\/"},"wordCount":404,"publisher":{"@id":"https:\/\/albal.es\/es\/#organization"},"image":{"@id":"https:\/\/albal.es\/es\/noticies\/programacion-xxiii-feria-de-san-blas-2026\/#primaryimage"},"thumbnailUrl":"https:\/\/albal.es\/content-albal\/uploads\/2026\/01\/programacio_sant_blai_26_1.png","articleSection":["Ayuntamiento","Cultura"],"inLanguage":"es"},{"@type":"WebPage","@id":"https:\/\/albal.es\/es\/noticies\/programacion-xxiii-feria-de-san-blas-2026\/","url":"https:\/\/albal.es\/es\/noticies\/programacion-xxiii-feria-de-san-blas-2026\/","name":"Programaci\u00f3n XXIII Feria de San Blas 2026 - Ajuntament d&#039;Albal","isPartOf":{"@id":"https:\/\/albal.es\/es\/#website"},"primaryImageOfPage":{"@id":"https:\/\/albal.es\/es\/noticies\/programacion-xxiii-feria-de-san-blas-2026\/#primaryimage"},"image":{"@id":"https:\/\/albal.es\/es\/noticies\/programacion-xxiii-feria-de-san-blas-2026\/#primaryimage"},"thumbnailUrl":"https:\/\/albal.es\/content-albal\/uploads\/2026\/01\/programacio_sant_blai_26_1.png","datePublished":"2026-01-23T12:58:51+00:00","dateModified":"2026-01-23T13:16:59+00:00","description":"Programaci\u00f3 XXIII Fira de Sant Blai 2026, a c\u00e0rrec de les regidories de Cultura i Comer\u00e7 de l'ajuntamentels dies 30, 31 i 1 de febrer.","breadcrumb":{"@id":"https:\/\/albal.es\/es\/noticies\/programacion-xxiii-feria-de-san-blas-2026\/#breadcrumb"},"inLanguage":"es","potentialAction":[{"@type":"ReadAction","target":["https:\/\/albal.es\/es\/noticies\/programacion-xxiii-feria-de-san-blas-2026\/"]}]},{"@type":"ImageObject","inLanguage":"es","@id":"https:\/\/albal.es\/es\/noticies\/programacion-xxiii-feria-de-san-blas-2026\/#primaryimage","url":"https:\/\/albal.es\/content-albal\/uploads\/2026\/01\/programacio_sant_blai_26_1.png","contentUrl":"https:\/\/albal.es\/content-albal\/uploads\/2026\/01\/programacio_sant_blai_26_1.png","width":2250,"height":2813},{"@type":"BreadcrumbList","@id":"https:\/\/albal.es\/es\/noticies\/programacion-xxiii-feria-de-san-blas-2026\/#breadcrumb","itemListElement":[{"@type":"ListItem","position":1,"name":"Inici","item":"https:\/\/albal.es\/es\/"},{"@type":"ListItem","position":2,"name":"Programaci\u00f3n XXIII Feria de San Blas 2026"}]},{"@type":"WebSite","@id":"https:\/\/albal.es\/es\/#website","url":"https:\/\/albal.es\/es\/","name":"Ajuntament d&#039;Albal","description":"Ajuntament d&#039;Albal","publisher":{"@id":"https:\/\/albal.es\/es\/#organization"},"potentialAction":[{"@type":"SearchAction","target":{"@type":"EntryPoint","urlTemplate":"https:\/\/albal.es\/es\/?s={search_term_string}"},"query-input":{"@type":"PropertyValueSpecification","valueRequired":true,"valueName":"search_term_string"}}],"inLanguage":"es"},{"@type":"Organization","@id":"https:\/\/albal.es\/es\/#organization","name":"Ajuntament d'Albal - Valencia","url":"https:\/\/albal.es\/es\/","logo":{"@type":"ImageObject","inLanguage":"es","@id":"https:\/\/albal.es\/es\/#\/schema\/logo\/image\/","url":"https:\/\/albal.es\/content-albal\/uploads\/2020\/06\/logo-ayuntamiento-albal.png","contentUrl":"https:\/\/albal.es\/content-albal\/uploads\/2020\/06\/logo-ayuntamiento-albal.png","width":367,"height":332,"caption":"Ajuntament d'Albal - Valencia"},"image":{"@id":"https:\/\/albal.es\/es\/#\/schema\/logo\/image\/"},"sameAs":["https:\/\/facebook.com\/AjuntamentAlbal\/"]},{"@type":"Person","@id":"https:\/\/albal.es\/es\/#\/schema\/person\/ae29ef751fc57095742fd1bc34bd3e52","name":"Cristina Pomares Fern\u00e1ndez"}]}},"publishpress_future_workflow_manual_trigger":{"enabledWorkflows":[]},"_links":{"self":[{"href":"https:\/\/albal.es\/es\/wp-json\/wp\/v2\/posts\/63292","targetHints":{"allow":["GET"]}}],"collection":[{"href":"https:\/\/albal.es\/es\/wp-json\/wp\/v2\/posts"}],"about":[{"href":"https:\/\/albal.es\/es\/wp-json\/wp\/v2\/types\/post"}],"author":[{"embeddable":true,"href":"https:\/\/albal.es\/es\/wp-json\/wp\/v2\/users\/31"}],"replies":[{"embeddable":true,"href":"https:\/\/albal.es\/es\/wp-json\/wp\/v2\/comments?post=63292"}],"version-history":[{"count":0,"href":"https:\/\/albal.es\/es\/wp-json\/wp\/v2\/posts\/63292\/revisions"}],"wp:featuredmedia":[{"embeddable":true,"href":"https:\/\/albal.es\/es\/wp-json\/wp\/v2\/media\/63290"}],"wp:attachment":[{"href":"https:\/\/albal.es\/es\/wp-json\/wp\/v2\/media?parent=63292"}],"wp:term":[{"taxonomy":"category","embeddable":true,"href":"https:\/\/albal.es\/es\/wp-json\/wp\/v2\/categories?post=63292"},{"taxonomy":"post_tag","embeddable":true,"href":"https:\/\/albal.es\/es\/wp-json\/wp\/v2\/tags?post=63292"},{"taxonomy":"author","embeddable":true,"href":"https:\/\/albal.es\/es\/wp-json\/wp\/v2\/coauthors?post=63292"}],"curies":[{"name":"wp","href":"https:\/\/api.w.org\/{rel}","templated":true}]}}