

{"id":54676,"date":"2024-02-01T15:11:56","date_gmt":"2024-02-01T14:11:56","guid":{"rendered":"https:\/\/albal.es\/?p=54676"},"modified":"2024-02-01T15:11:56","modified_gmt":"2024-02-01T14:11:56","slug":"implantacion-de-infraestructuras-de-recarga-de-vehiculos-electricos-moves-iii","status":"publish","type":"post","link":"https:\/\/albal.es\/es\/noticies\/implantacion-de-infraestructuras-de-recarga-de-vehiculos-electricos-moves-iii\/","title":{"rendered":"Implantaci\u00f3n de Infraestructuras de recarga de veh\u00edculos el\u00e9ctricos MOVES III"},"content":{"rendered":"<p>El programa MOVES III de infraestructura de la Comunidad Valenciana, ha subvencionado la implantaci\u00f3n de dos infraestructuras de recarga de veh\u00edculos el\u00e9ctricos, ubicados en el CEIP San Carlos (calle Moss\u00e8n Luis Arnau, 11) y en el CEIP La Balaguera (calle Andr\u00e9s Arbiol). Este programa se ha llevado a cabo con el apoyo financiero de la Uni\u00f3n Europea en el marco del Plan de Recuperaci\u00f3n, Transformaci\u00f3n y Resiliencia, y el Mecanismo de Recuperaci\u00f3n y Resiliencia, as\u00ed como la participaci\u00f3n del Ministerio para la Transici\u00f3n Ecol\u00f3gica y el Reto Demogr\u00e1fico, el IDAE y el IVACE.<\/p>\n<p>En relaci\u00f3n al <strong>Expediente MOVESI\/2021\/978<\/strong> (CEIP La Balaguera), se ha concedido una subvenci\u00f3n de 4.565,10\u20ac con una cantidad a justificar de 15.217\u20ac. Respecto al <strong>Expediente MOVESI\/2021\/979<\/strong> (CEIP San Carlos), se ha concedido una subvenci\u00f3n de 3.187,80\u20ac con una cantidad a justificar de 10.626\u20ac.<\/p>\n<p>El <strong>objetivo<\/strong> de esta iniciativa es el de llevar a cabo pol\u00edticas activas de ahorro y eficiencia energ\u00e9tica que contribuyan a la reducci\u00f3n de su consumo y a la disminuci\u00f3n de las emisiones de gases de efecto invernadero asociadas. Para ello, es necesario el fomento de la movilidad urbana sostenible, priorizando modos de transporte m\u00e1s limpios y eficientes. Los usuarios de veh\u00edculos el\u00e9ctricos deber\u00e1n llevar a cabo un registro general aportando sus datos y DNI, donde recibir\u00e1 una tarjeta desde AMIC de forma gratuita. Con esto, los <strong>resultados<\/strong> significar\u00edan un fomento del uso de veh\u00edculos el\u00e9ctricos por parte de los vecinos y vecinas de Albal, contando con un total de 4 cargadores de veh\u00edculos en puntos clave (escuelas, gimnasio y Polic\u00eda Local).<\/p>\n","protected":false},"excerpt":{"rendered":"<p>El programa MOVES III de infraestructura de la Comunidad Valenciana, ha subvencionado la implantaci\u00f3n de dos infraestructuras de recarga de veh\u00edculos el\u00e9ctricos, ubicados en el CEIP San Carlos (calle Moss\u00e8n Luis Arnau, 11) y en el CEIP La Balaguera (calle Andr\u00e9s Arbiol). Este programa se ha llevado a cabo con el apoyo financiero de la [&hellip;]<\/p>\n","protected":false},"author":31,"featured_media":54677,"comment_status":"closed","ping_status":"closed","sticky":false,"template":"","format":"standard","meta":{"_acf_changed":false,"_et_pb_use_builder":"","_et_pb_old_content":"","_et_gb_content_width":"","footnotes":""},"categories":[1,16],"tags":[],"coauthors":[86],"class_list":["post-54676","post","type-post","status-publish","format-standard","has-post-thumbnail","hentry","category-noticias-ayuntamiento","category-noticias-municipio"],"acf":[],"yoast_head":"<!-- This site is optimized with the Yoast SEO plugin v27.4 - https:\/\/yoast.com\/product\/yoast-seo-wordpress\/ -->\n<title>Implantaci\u00f3n de Infraestructuras de recarga de veh\u00edculos el\u00e9ctricos MOVES III - Ajuntament d&#039;Albal<\/title>\n<meta name=\"robots\" content=\"index, follow, max-snippet:-1, max-image-preview:large, max-video-preview:-1\" \/>\n<link rel=\"canonical\" href=\"https:\/\/albal.es\/es\/noticies\/implantacion-de-infraestructuras-de-recarga-de-vehiculos-electricos-moves-iii\/\" \/>\n<meta property=\"og:locale\" content=\"es_ES\" \/>\n<meta property=\"og:type\" content=\"article\" \/>\n<meta property=\"og:title\" content=\"Implantaci\u00f3n de Infraestructuras de recarga de veh\u00edculos el\u00e9ctricos MOVES III - Ajuntament d&#039;Albal\" \/>\n<meta property=\"og:description\" content=\"El programa MOVES III de infraestructura de la Comunidad Valenciana, ha subvencionado la implantaci\u00f3n de dos infraestructuras de recarga de veh\u00edculos el\u00e9ctricos, ubicados en el CEIP San Carlos (calle Moss\u00e8n Luis Arnau, 11) y en el CEIP La Balaguera (calle Andr\u00e9s Arbiol). Este programa se ha llevado a cabo con el apoyo financiero de la [&hellip;]\" \/>\n<meta property=\"og:site_name\" content=\"Ajuntament d&#039;Albal\" \/>\n<meta property=\"article:publisher\" content=\"https:\/\/facebook.com\/AjuntamentAlbal\/\" \/>\n<meta property=\"article:published_time\" content=\"2024-02-01T14:11:56+00:00\" \/>\n<meta property=\"og:image\" content=\"https:\/\/albal.es\/content-albal\/uploads\/2024\/02\/Diseno-sin-titulo-1.png\" \/>\n\t<meta property=\"og:image:width\" content=\"1920\" \/>\n\t<meta property=\"og:image:height\" content=\"1080\" \/>\n\t<meta property=\"og:image:type\" content=\"image\/png\" \/>\n<meta name=\"author\" content=\"Cristina Pomares Fern\u00e1ndez\" \/>\n<meta name=\"twitter:card\" content=\"summary_large_image\" \/>\n<meta name=\"twitter:label1\" content=\"Escrito por\" \/>\n\t<meta name=\"twitter:data1\" content=\"Cristina Pomares Fern\u00e1ndez\" \/>\n\t<meta name=\"twitter:label2\" content=\"Tiempo de lectura\" \/>\n\t<meta name=\"twitter:data2\" content=\"1 minuto\" \/>\n\t<meta name=\"twitter:label3\" content=\"Written by\" \/>\n\t<meta name=\"twitter:data3\" content=\"Cristina Pomares Fern\u00e1ndez\" \/>\n<script type=\"application\/ld+json\" class=\"yoast-schema-graph\">{\"@context\":\"https:\\\/\\\/schema.org\",\"@graph\":[{\"@type\":\"Article\",\"@id\":\"https:\\\/\\\/albal.es\\\/es\\\/noticies\\\/implantacion-de-infraestructuras-de-recarga-de-vehiculos-electricos-moves-iii\\\/#article\",\"isPartOf\":{\"@id\":\"https:\\\/\\\/albal.es\\\/es\\\/noticies\\\/implantacion-de-infraestructuras-de-recarga-de-vehiculos-electricos-moves-iii\\\/\"},\"author\":{\"name\":\"Cristina Pomares Fern\u00e1ndez\",\"@id\":\"https:\\\/\\\/albal.es\\\/es\\\/#\\\/schema\\\/person\\\/ae29ef751fc57095742fd1bc34bd3e52\"},\"headline\":\"Implantaci\u00f3n de Infraestructuras de recarga de veh\u00edculos el\u00e9ctricos MOVES III\",\"datePublished\":\"2024-02-01T14:11:56+00:00\",\"mainEntityOfPage\":{\"@id\":\"https:\\\/\\\/albal.es\\\/es\\\/noticies\\\/implantacion-de-infraestructuras-de-recarga-de-vehiculos-electricos-moves-iii\\\/\"},\"wordCount\":294,\"publisher\":{\"@id\":\"https:\\\/\\\/albal.es\\\/es\\\/#organization\"},\"image\":{\"@id\":\"https:\\\/\\\/albal.es\\\/es\\\/noticies\\\/implantacion-de-infraestructuras-de-recarga-de-vehiculos-electricos-moves-iii\\\/#primaryimage\"},\"thumbnailUrl\":\"https:\\\/\\\/albal.es\\\/content-albal\\\/uploads\\\/2024\\\/02\\\/Diseno-sin-titulo-1.png\",\"articleSection\":[\"Ayuntamiento\",\"Municipio\"],\"inLanguage\":\"es\"},{\"@type\":\"WebPage\",\"@id\":\"https:\\\/\\\/albal.es\\\/es\\\/noticies\\\/implantacion-de-infraestructuras-de-recarga-de-vehiculos-electricos-moves-iii\\\/\",\"url\":\"https:\\\/\\\/albal.es\\\/es\\\/noticies\\\/implantacion-de-infraestructuras-de-recarga-de-vehiculos-electricos-moves-iii\\\/\",\"name\":\"Implantaci\u00f3n de Infraestructuras de recarga de veh\u00edculos el\u00e9ctricos MOVES III - Ajuntament d&#039;Albal\",\"isPartOf\":{\"@id\":\"https:\\\/\\\/albal.es\\\/es\\\/#website\"},\"primaryImageOfPage\":{\"@id\":\"https:\\\/\\\/albal.es\\\/es\\\/noticies\\\/implantacion-de-infraestructuras-de-recarga-de-vehiculos-electricos-moves-iii\\\/#primaryimage\"},\"image\":{\"@id\":\"https:\\\/\\\/albal.es\\\/es\\\/noticies\\\/implantacion-de-infraestructuras-de-recarga-de-vehiculos-electricos-moves-iii\\\/#primaryimage\"},\"thumbnailUrl\":\"https:\\\/\\\/albal.es\\\/content-albal\\\/uploads\\\/2024\\\/02\\\/Diseno-sin-titulo-1.png\",\"datePublished\":\"2024-02-01T14:11:56+00:00\",\"breadcrumb\":{\"@id\":\"https:\\\/\\\/albal.es\\\/es\\\/noticies\\\/implantacion-de-infraestructuras-de-recarga-de-vehiculos-electricos-moves-iii\\\/#breadcrumb\"},\"inLanguage\":\"es\",\"potentialAction\":[{\"@type\":\"ReadAction\",\"target\":[\"https:\\\/\\\/albal.es\\\/es\\\/noticies\\\/implantacion-de-infraestructuras-de-recarga-de-vehiculos-electricos-moves-iii\\\/\"]}]},{\"@type\":\"ImageObject\",\"inLanguage\":\"es\",\"@id\":\"https:\\\/\\\/albal.es\\\/es\\\/noticies\\\/implantacion-de-infraestructuras-de-recarga-de-vehiculos-electricos-moves-iii\\\/#primaryimage\",\"url\":\"https:\\\/\\\/albal.es\\\/content-albal\\\/uploads\\\/2024\\\/02\\\/Diseno-sin-titulo-1.png\",\"contentUrl\":\"https:\\\/\\\/albal.es\\\/content-albal\\\/uploads\\\/2024\\\/02\\\/Diseno-sin-titulo-1.png\",\"width\":1920,\"height\":1080},{\"@type\":\"BreadcrumbList\",\"@id\":\"https:\\\/\\\/albal.es\\\/es\\\/noticies\\\/implantacion-de-infraestructuras-de-recarga-de-vehiculos-electricos-moves-iii\\\/#breadcrumb\",\"itemListElement\":[{\"@type\":\"ListItem\",\"position\":1,\"name\":\"Inici\",\"item\":\"https:\\\/\\\/albal.es\\\/es\\\/\"},{\"@type\":\"ListItem\",\"position\":2,\"name\":\"Implantaci\u00f3n de Infraestructuras de recarga de veh\u00edculos el\u00e9ctricos MOVES III\"}]},{\"@type\":\"WebSite\",\"@id\":\"https:\\\/\\\/albal.es\\\/es\\\/#website\",\"url\":\"https:\\\/\\\/albal.es\\\/es\\\/\",\"name\":\"Ajuntament d&#039;Albal\",\"description\":\"Ajuntament d&#039;Albal\",\"publisher\":{\"@id\":\"https:\\\/\\\/albal.es\\\/es\\\/#organization\"},\"potentialAction\":[{\"@type\":\"SearchAction\",\"target\":{\"@type\":\"EntryPoint\",\"urlTemplate\":\"https:\\\/\\\/albal.es\\\/es\\\/?s={search_term_string}\"},\"query-input\":{\"@type\":\"PropertyValueSpecification\",\"valueRequired\":true,\"valueName\":\"search_term_string\"}}],\"inLanguage\":\"es\"},{\"@type\":\"Organization\",\"@id\":\"https:\\\/\\\/albal.es\\\/es\\\/#organization\",\"name\":\"Ajuntament d'Albal - Valencia\",\"url\":\"https:\\\/\\\/albal.es\\\/es\\\/\",\"logo\":{\"@type\":\"ImageObject\",\"inLanguage\":\"es\",\"@id\":\"https:\\\/\\\/albal.es\\\/es\\\/#\\\/schema\\\/logo\\\/image\\\/\",\"url\":\"https:\\\/\\\/albal.es\\\/content-albal\\\/uploads\\\/2020\\\/06\\\/logo-ayuntamiento-albal.png\",\"contentUrl\":\"https:\\\/\\\/albal.es\\\/content-albal\\\/uploads\\\/2020\\\/06\\\/logo-ayuntamiento-albal.png\",\"width\":367,\"height\":332,\"caption\":\"Ajuntament d'Albal - Valencia\"},\"image\":{\"@id\":\"https:\\\/\\\/albal.es\\\/es\\\/#\\\/schema\\\/logo\\\/image\\\/\"},\"sameAs\":[\"https:\\\/\\\/facebook.com\\\/AjuntamentAlbal\\\/\"]},{\"@type\":\"Person\",\"@id\":\"https:\\\/\\\/albal.es\\\/es\\\/#\\\/schema\\\/person\\\/ae29ef751fc57095742fd1bc34bd3e52\",\"name\":\"Cristina Pomares Fern\u00e1ndez\"}]}<\/script>\n<!-- \/ Yoast SEO plugin. -->","yoast_head_json":{"title":"Implantaci\u00f3n de Infraestructuras de recarga de veh\u00edculos el\u00e9ctricos MOVES III - Ajuntament d&#039;Albal","robots":{"index":"index","follow":"follow","max-snippet":"max-snippet:-1","max-image-preview":"max-image-preview:large","max-video-preview":"max-video-preview:-1"},"canonical":"https:\/\/albal.es\/es\/noticies\/implantacion-de-infraestructuras-de-recarga-de-vehiculos-electricos-moves-iii\/","og_locale":"es_ES","og_type":"article","og_title":"Implantaci\u00f3n de Infraestructuras de recarga de veh\u00edculos el\u00e9ctricos MOVES III - Ajuntament d&#039;Albal","og_description":"El programa MOVES III de infraestructura de la Comunidad Valenciana, ha subvencionado la implantaci\u00f3n de dos infraestructuras de recarga de veh\u00edculos el\u00e9ctricos, ubicados en el CEIP San Carlos (calle Moss\u00e8n Luis Arnau, 11) y en el CEIP La Balaguera (calle Andr\u00e9s Arbiol). Este programa se ha llevado a cabo con el apoyo financiero de la [&hellip;]","og_site_name":"Ajuntament d&#039;Albal","article_publisher":"https:\/\/facebook.com\/AjuntamentAlbal\/","article_published_time":"2024-02-01T14:11:56+00:00","og_image":[{"width":1920,"height":1080,"url":"https:\/\/albal.es\/content-albal\/uploads\/2024\/02\/Diseno-sin-titulo-1.png","type":"image\/png"}],"author":"Cristina Pomares Fern\u00e1ndez","twitter_card":"summary_large_image","twitter_misc":{"Escrito por":"Cristina Pomares Fern\u00e1ndez","Tiempo de lectura":"1 minuto","Written by":"Cristina Pomares Fern\u00e1ndez"},"schema":{"@context":"https:\/\/schema.org","@graph":[{"@type":"Article","@id":"https:\/\/albal.es\/es\/noticies\/implantacion-de-infraestructuras-de-recarga-de-vehiculos-electricos-moves-iii\/#article","isPartOf":{"@id":"https:\/\/albal.es\/es\/noticies\/implantacion-de-infraestructuras-de-recarga-de-vehiculos-electricos-moves-iii\/"},"author":{"name":"Cristina Pomares Fern\u00e1ndez","@id":"https:\/\/albal.es\/es\/#\/schema\/person\/ae29ef751fc57095742fd1bc34bd3e52"},"headline":"Implantaci\u00f3n de Infraestructuras de recarga de veh\u00edculos el\u00e9ctricos MOVES III","datePublished":"2024-02-01T14:11:56+00:00","mainEntityOfPage":{"@id":"https:\/\/albal.es\/es\/noticies\/implantacion-de-infraestructuras-de-recarga-de-vehiculos-electricos-moves-iii\/"},"wordCount":294,"publisher":{"@id":"https:\/\/albal.es\/es\/#organization"},"image":{"@id":"https:\/\/albal.es\/es\/noticies\/implantacion-de-infraestructuras-de-recarga-de-vehiculos-electricos-moves-iii\/#primaryimage"},"thumbnailUrl":"https:\/\/albal.es\/content-albal\/uploads\/2024\/02\/Diseno-sin-titulo-1.png","articleSection":["Ayuntamiento","Municipio"],"inLanguage":"es"},{"@type":"WebPage","@id":"https:\/\/albal.es\/es\/noticies\/implantacion-de-infraestructuras-de-recarga-de-vehiculos-electricos-moves-iii\/","url":"https:\/\/albal.es\/es\/noticies\/implantacion-de-infraestructuras-de-recarga-de-vehiculos-electricos-moves-iii\/","name":"Implantaci\u00f3n de Infraestructuras de recarga de veh\u00edculos el\u00e9ctricos MOVES III - Ajuntament d&#039;Albal","isPartOf":{"@id":"https:\/\/albal.es\/es\/#website"},"primaryImageOfPage":{"@id":"https:\/\/albal.es\/es\/noticies\/implantacion-de-infraestructuras-de-recarga-de-vehiculos-electricos-moves-iii\/#primaryimage"},"image":{"@id":"https:\/\/albal.es\/es\/noticies\/implantacion-de-infraestructuras-de-recarga-de-vehiculos-electricos-moves-iii\/#primaryimage"},"thumbnailUrl":"https:\/\/albal.es\/content-albal\/uploads\/2024\/02\/Diseno-sin-titulo-1.png","datePublished":"2024-02-01T14:11:56+00:00","breadcrumb":{"@id":"https:\/\/albal.es\/es\/noticies\/implantacion-de-infraestructuras-de-recarga-de-vehiculos-electricos-moves-iii\/#breadcrumb"},"inLanguage":"es","potentialAction":[{"@type":"ReadAction","target":["https:\/\/albal.es\/es\/noticies\/implantacion-de-infraestructuras-de-recarga-de-vehiculos-electricos-moves-iii\/"]}]},{"@type":"ImageObject","inLanguage":"es","@id":"https:\/\/albal.es\/es\/noticies\/implantacion-de-infraestructuras-de-recarga-de-vehiculos-electricos-moves-iii\/#primaryimage","url":"https:\/\/albal.es\/content-albal\/uploads\/2024\/02\/Diseno-sin-titulo-1.png","contentUrl":"https:\/\/albal.es\/content-albal\/uploads\/2024\/02\/Diseno-sin-titulo-1.png","width":1920,"height":1080},{"@type":"BreadcrumbList","@id":"https:\/\/albal.es\/es\/noticies\/implantacion-de-infraestructuras-de-recarga-de-vehiculos-electricos-moves-iii\/#breadcrumb","itemListElement":[{"@type":"ListItem","position":1,"name":"Inici","item":"https:\/\/albal.es\/es\/"},{"@type":"ListItem","position":2,"name":"Implantaci\u00f3n de Infraestructuras de recarga de veh\u00edculos el\u00e9ctricos MOVES III"}]},{"@type":"WebSite","@id":"https:\/\/albal.es\/es\/#website","url":"https:\/\/albal.es\/es\/","name":"Ajuntament d&#039;Albal","description":"Ajuntament d&#039;Albal","publisher":{"@id":"https:\/\/albal.es\/es\/#organization"},"potentialAction":[{"@type":"SearchAction","target":{"@type":"EntryPoint","urlTemplate":"https:\/\/albal.es\/es\/?s={search_term_string}"},"query-input":{"@type":"PropertyValueSpecification","valueRequired":true,"valueName":"search_term_string"}}],"inLanguage":"es"},{"@type":"Organization","@id":"https:\/\/albal.es\/es\/#organization","name":"Ajuntament d'Albal - Valencia","url":"https:\/\/albal.es\/es\/","logo":{"@type":"ImageObject","inLanguage":"es","@id":"https:\/\/albal.es\/es\/#\/schema\/logo\/image\/","url":"https:\/\/albal.es\/content-albal\/uploads\/2020\/06\/logo-ayuntamiento-albal.png","contentUrl":"https:\/\/albal.es\/content-albal\/uploads\/2020\/06\/logo-ayuntamiento-albal.png","width":367,"height":332,"caption":"Ajuntament d'Albal - Valencia"},"image":{"@id":"https:\/\/albal.es\/es\/#\/schema\/logo\/image\/"},"sameAs":["https:\/\/facebook.com\/AjuntamentAlbal\/"]},{"@type":"Person","@id":"https:\/\/albal.es\/es\/#\/schema\/person\/ae29ef751fc57095742fd1bc34bd3e52","name":"Cristina Pomares Fern\u00e1ndez"}]}},"publishpress_future_workflow_manual_trigger":{"enabledWorkflows":[]},"_links":{"self":[{"href":"https:\/\/albal.es\/es\/wp-json\/wp\/v2\/posts\/54676","targetHints":{"allow":["GET"]}}],"collection":[{"href":"https:\/\/albal.es\/es\/wp-json\/wp\/v2\/posts"}],"about":[{"href":"https:\/\/albal.es\/es\/wp-json\/wp\/v2\/types\/post"}],"author":[{"embeddable":true,"href":"https:\/\/albal.es\/es\/wp-json\/wp\/v2\/users\/31"}],"replies":[{"embeddable":true,"href":"https:\/\/albal.es\/es\/wp-json\/wp\/v2\/comments?post=54676"}],"version-history":[{"count":0,"href":"https:\/\/albal.es\/es\/wp-json\/wp\/v2\/posts\/54676\/revisions"}],"wp:featuredmedia":[{"embeddable":true,"href":"https:\/\/albal.es\/es\/wp-json\/wp\/v2\/media\/54677"}],"wp:attachment":[{"href":"https:\/\/albal.es\/es\/wp-json\/wp\/v2\/media?parent=54676"}],"wp:term":[{"taxonomy":"category","embeddable":true,"href":"https:\/\/albal.es\/es\/wp-json\/wp\/v2\/categories?post=54676"},{"taxonomy":"post_tag","embeddable":true,"href":"https:\/\/albal.es\/es\/wp-json\/wp\/v2\/tags?post=54676"},{"taxonomy":"author","embeddable":true,"href":"https:\/\/albal.es\/es\/wp-json\/wp\/v2\/coauthors?post=54676"}],"curies":[{"name":"wp","href":"https:\/\/api.w.org\/{rel}","templated":true}]}}