

{"id":41760,"date":"2023-03-03T13:41:13","date_gmt":"2023-03-03T12:41:13","guid":{"rendered":"https:\/\/albal.es\/noticies\/el-municipio-pionero-en-las-politicas-de-igualdad\/"},"modified":"2023-03-03T13:41:13","modified_gmt":"2023-03-03T12:41:13","slug":"el-municipio-pionero-en-las-politicas-de-igualdad","status":"publish","type":"post","link":"https:\/\/albal.es\/es\/noticies\/el-municipio-pionero-en-las-politicas-de-igualdad\/","title":{"rendered":"El municipio, pionero en las pol\u00edticas de Igualdad"},"content":{"rendered":"<p>En conmemoraci\u00f3n en el D\u00eda de la Mujer (8M), el Ayuntamiento de Albal ha presentado una completa y transversal programaci\u00f3n que fomentar\u00e1, durante un mes, la igualdad entre la poblaci\u00f3n, con la colaboraci\u00f3n de la Mancomunidad de l&#8217;Horta Sud, tambi\u00e9n de asociaciones y entidades locales como el Col\u00b7lectiu per la Sororitat, que protagoniza buena parte del programa.<\/p>\n<p>Las actividades se dieron a conocer a trav\u00e9s de la emisora municipal, Radio Sol Albal 93.7 FM, en un programa especial que cont\u00f3 con la participaci\u00f3n de la regidora de Igualdad, Melani Jim\u00e9nez, y de la t\u00e9cnica del \u00e1rea Laura Herv\u00e1s, as\u00ed como tambi\u00e9n de Teresa Moyano y Mar Sanchis en representaci\u00f3n del Col\u00b7lectiu per la Sororitat. Juntas abordaron las \u00faltimas pol\u00edticas que, en materia de Igualdad, lleva a cabo la administraci\u00f3n local, que incluyen la aprobaci\u00f3n de la ordenanza pionera de Albal que, por primera vez multa a los puteros, una decisi\u00f3n que ha sido reconocida incluso a nivel europeo y premiada recientemente con el galard\u00f3n Celia Amor\u00f2s de la Diputaci\u00f3n de Val\u00e8ncia. En declaraciones del alcalde Ram\u00f3n Mar\u00ed, \u00abel D\u00eda de la mujer en Albal sirve para sacar pecho de nuestras pol\u00edticas de Igualdad, que han sido ejemplarizantes y premiadas, para castigar a los puteros, siente pioneros a nivel auton\u00f3mico. Proteger a las mujeres y j\u00f3venes prostituidas de los puteros y proxenetas es una m\u00e1xima, volamos un pueblo libre de trata y sin violencias\u00bb.<\/p>\n<p>Tambi\u00e9n la puesta en marcha del I Plan de Igualdad Municipal, que se ha hecho a trav\u00e9s de un proceso participativo que ha querido conocer la realidad de la localidad a trav\u00e9s de las propuestas recogidas por la ciudadan\u00eda y con la implicaci\u00f3n de asociaciones y colectivos activos de la poblaci\u00f3n. As\u00ed mismo, durante el espacio se conocieron todos los detalles de las actividades que se iniciar\u00e1n este viernes 3 de marzo, con la presentaci\u00f3n del libro \u2018Historia de una mujer cualquiera: Susana\u2019 en la Biblioteca Municipal. Su autora, Beatriz Casta\u00f1o, es la jefa de la UFAM, la Unidad de Familia y Atenci\u00f3n a la Mujer, que opera en las localidades de Xirivella, Alaqu\u00e1s y Aldaia.<\/p>\n<p>Las actividades continuar\u00e1n el mismo fin de semana (5 de marzo) con el Taller de Chapas organizado por el Col\u00b7lectiu per la Sororitat. De 11 a 14 horas se encontrar\u00e1n frente a la puerta del ayuntamiento, para dar a conocer la entidad y ofrecer a la vez una propuesta din\u00e1mica. Y no ser\u00e1 el \u00fanico acto encabezado por la entidad feminista local, que actuar\u00e1 durante la lectura del manifiesto del 8M \u2014el 8 de marzo, a las 12 horas en la puerta del Ayuntamiento\u2014, pero que tambi\u00e9n se adentra en las fiestas josefinas con una campa\u00f1a contra el machismo dirigida a las comisiones falleras locales. As\u00ed mismo, por segundo a\u00f1o consecutivo, entregar\u00e1n el premio a la Falla M\u00e1s Igualitaria.<\/p>\n<p>El fomento por la igualdad a trav\u00e9s de la educaci\u00f3n contin\u00faa siendo uno de los ejes vertebradores de la programaci\u00f3n dedicada al D\u00eda de la Mujer. El alumnado de 3.\u00ba de Primaria participar\u00e1 en una gincana al aire libre que se realizar\u00e1 en el parque La Balaguera bajo el lema \u201cPasos hacia la igualdad\u201d (6 de marzo) y los m\u00e1s peque\u00f1os \u2014de 3 a 5 a\u00f1os\u2014, tendr\u00e1n la oportunidad de asistir al cuentacuentos \u2018Joana quiere ser caballera\u2019, que har\u00e1 una ruta por los diferentes centros educativos para la localidad. Tambi\u00e9n la Escuela Municipal de Adultos (EPA Albal) ha vuelto a convocar el certamen de microrrelatos que tendr\u00e1n que girar alrededor del concepto de igualdad, los ganadores se dar\u00e1n a conocer el mismo 8 de marzo.<\/p>\n<p>La programaci\u00f3n ha priorizado a los j\u00f3venes. Como gran novedad en esta nueva edici\u00f3n y para fomentar el buen uso de las redes sociales, el Ayuntamiento de Albal organiza el concurso \u2018Tiktokeja per la igualtat\u2019, que se desarrollar\u00e1 del 3 al 13 de marzo. La iniciativa busca la creaci\u00f3n, por parte de los j\u00f3venes mayores de 12 a\u00f1os, de contenido que no reproduzca conductas sexistas, violentas y que fomentan la igualdad a trav\u00e9s de #Albal\u00c9sIgualtat. El Casal Joven acoger\u00e1 dos actividades m\u00e1s como lo Escapo Room \u2018El archivo de las olvidadas\u2019 (23 de marzo) y tambi\u00e9n el programa \u2018Rojas son mis reglas\u2019, impulsado por la Mancomunidad de l&#8217;Horta Sud, para romper con los tab\u00faes que existen alrededor del ciclo menstrual y que tendr\u00e1 lugar los d\u00edas 20 y 27 de marzo, m\u00e1s una sesi\u00f3n final el 24 de abril.<\/p>\n<p>La asociaci\u00f3n po\u00e9tica \u2018Paraules al Vent\u2019 es ya un habitual en la conmemoraci\u00f3n de la mujer, con el recital en femenino que realizar\u00e1 el jueves 9 de marzo, a las 19 horas en la Escuela Municipal de Adultos, una participaci\u00f3n a la cual suman este a\u00f1o su intervenci\u00f3n durante la lectura del manifiesto del 8M. Otra de las asociaciones que tambi\u00e9n har\u00e1 aparici\u00f3n es Enfila l\u2019Agulla con el taller de llaveros de igualdad en la Casa de Cultura (7 de marzo).<\/p>\n<p>La atleta Rosa Esquerdo, la artista y influencer por la promoci\u00f3n de la lengua y las costumbres valencianas, Ana Mu\u00f1oz y la comunicadora Clara Laguarda pondr\u00e1n el punto personal en la Semana de la Igualdad. El 10 de marzo, la Casa de Cultura servir\u00e1 de escenario para conocer la trayectoria y experiencias personales de estas albalenses (in)visibles. Despu\u00e9s de la charla protagonizada por estas tres ilustres de la localidad, el sal\u00f3n Viher acoger\u00e1 la cena conmemorativa por el #8M, que reunir\u00e1 una gran cantidad del mujeres, en su d\u00eda, finalizando as\u00ed la Semana de la Igualdad pero dando a muchas m\u00e1s actividades que, hasta finalizar el mes de marzo, fomentar\u00e1n la igualdad en Albal.<\/p>\n<p>&nbsp;<\/p>\n","protected":false},"excerpt":{"rendered":"<p>La lucha de la localidad que gobierna Ram\u00f3n Mar\u00ed, contra la prostituci\u00f3n y castigando a los puteros, ha sido reconocida a nivel europeo y reconocida por la Diputaci\u00f3n de Val\u00e8ncia<\/p>\n","protected":false},"author":31,"featured_media":41758,"comment_status":"closed","ping_status":"closed","sticky":false,"template":"","format":"standard","meta":{"_acf_changed":false,"_et_pb_use_builder":"","_et_pb_old_content":"","_et_gb_content_width":"","footnotes":""},"categories":[16,15],"tags":[],"coauthors":[86],"class_list":["post-41760","post","type-post","status-publish","format-standard","has-post-thumbnail","hentry","category-noticias-municipio","category-noticias-social"],"acf":[],"yoast_head":"<!-- This site is optimized with the Yoast SEO plugin v27.4 - https:\/\/yoast.com\/product\/yoast-seo-wordpress\/ -->\n<title>El municipio, pionero en las pol\u00edticas de Igualdad - Ajuntament d&#039;Albal<\/title>\n<meta name=\"robots\" content=\"index, follow, max-snippet:-1, max-image-preview:large, max-video-preview:-1\" \/>\n<link rel=\"canonical\" href=\"https:\/\/albal.es\/es\/noticies\/el-municipio-pionero-en-las-politicas-de-igualdad\/\" \/>\n<meta property=\"og:locale\" content=\"es_ES\" \/>\n<meta property=\"og:type\" content=\"article\" \/>\n<meta property=\"og:title\" content=\"El municipio, pionero en las pol\u00edticas de Igualdad - Ajuntament d&#039;Albal\" \/>\n<meta property=\"og:description\" content=\"La lucha de la localidad que gobierna Ram\u00f3n Mar\u00ed, contra la prostituci\u00f3n y castigando a los puteros, ha sido reconocida a nivel europeo y reconocida por la Diputaci\u00f3n de Val\u00e8ncia\" \/>\n<meta property=\"og:site_name\" content=\"Ajuntament d&#039;Albal\" \/>\n<meta property=\"article:publisher\" content=\"https:\/\/facebook.com\/AjuntamentAlbal\/\" \/>\n<meta property=\"article:published_time\" content=\"2023-03-03T12:41:13+00:00\" \/>\n<meta property=\"og:image\" content=\"https:\/\/albal.es\/content-albal\/uploads\/2023\/03\/WhatsApp-Image-2023-03-03-at-13.32.51.jpeg\" \/>\n\t<meta property=\"og:image:width\" content=\"1600\" \/>\n\t<meta property=\"og:image:height\" content=\"1200\" \/>\n\t<meta property=\"og:image:type\" content=\"image\/jpeg\" \/>\n<meta name=\"author\" content=\"Cristina Pomares Fern\u00e1ndez\" \/>\n<meta name=\"twitter:card\" content=\"summary_large_image\" \/>\n<meta name=\"twitter:label1\" content=\"Escrito por\" \/>\n\t<meta name=\"twitter:data1\" content=\"Cristina Pomares Fern\u00e1ndez\" \/>\n\t<meta name=\"twitter:label2\" content=\"Tiempo de lectura\" \/>\n\t<meta name=\"twitter:data2\" content=\"5 minutos\" \/>\n\t<meta name=\"twitter:label3\" content=\"Written by\" \/>\n\t<meta name=\"twitter:data3\" content=\"Cristina Pomares Fern\u00e1ndez\" \/>\n<script type=\"application\/ld+json\" class=\"yoast-schema-graph\">{\"@context\":\"https:\\\/\\\/schema.org\",\"@graph\":[{\"@type\":\"Article\",\"@id\":\"https:\\\/\\\/albal.es\\\/es\\\/noticies\\\/el-municipio-pionero-en-las-politicas-de-igualdad\\\/#article\",\"isPartOf\":{\"@id\":\"https:\\\/\\\/albal.es\\\/es\\\/noticies\\\/el-municipio-pionero-en-las-politicas-de-igualdad\\\/\"},\"author\":{\"name\":\"Cristina Pomares Fern\u00e1ndez\",\"@id\":\"https:\\\/\\\/albal.es\\\/es\\\/#\\\/schema\\\/person\\\/ae29ef751fc57095742fd1bc34bd3e52\"},\"headline\":\"El municipio, pionero en las pol\u00edticas de Igualdad\",\"datePublished\":\"2023-03-03T12:41:13+00:00\",\"mainEntityOfPage\":{\"@id\":\"https:\\\/\\\/albal.es\\\/es\\\/noticies\\\/el-municipio-pionero-en-las-politicas-de-igualdad\\\/\"},\"wordCount\":1009,\"publisher\":{\"@id\":\"https:\\\/\\\/albal.es\\\/es\\\/#organization\"},\"image\":{\"@id\":\"https:\\\/\\\/albal.es\\\/es\\\/noticies\\\/el-municipio-pionero-en-las-politicas-de-igualdad\\\/#primaryimage\"},\"thumbnailUrl\":\"https:\\\/\\\/albal.es\\\/content-albal\\\/uploads\\\/2023\\\/03\\\/WhatsApp-Image-2023-03-03-at-13.32.51.jpeg\",\"articleSection\":[\"Municipio\",\"Social\"],\"inLanguage\":\"es\"},{\"@type\":\"WebPage\",\"@id\":\"https:\\\/\\\/albal.es\\\/es\\\/noticies\\\/el-municipio-pionero-en-las-politicas-de-igualdad\\\/\",\"url\":\"https:\\\/\\\/albal.es\\\/es\\\/noticies\\\/el-municipio-pionero-en-las-politicas-de-igualdad\\\/\",\"name\":\"El municipio, pionero en las pol\u00edticas de Igualdad - Ajuntament d&#039;Albal\",\"isPartOf\":{\"@id\":\"https:\\\/\\\/albal.es\\\/es\\\/#website\"},\"primaryImageOfPage\":{\"@id\":\"https:\\\/\\\/albal.es\\\/es\\\/noticies\\\/el-municipio-pionero-en-las-politicas-de-igualdad\\\/#primaryimage\"},\"image\":{\"@id\":\"https:\\\/\\\/albal.es\\\/es\\\/noticies\\\/el-municipio-pionero-en-las-politicas-de-igualdad\\\/#primaryimage\"},\"thumbnailUrl\":\"https:\\\/\\\/albal.es\\\/content-albal\\\/uploads\\\/2023\\\/03\\\/WhatsApp-Image-2023-03-03-at-13.32.51.jpeg\",\"datePublished\":\"2023-03-03T12:41:13+00:00\",\"breadcrumb\":{\"@id\":\"https:\\\/\\\/albal.es\\\/es\\\/noticies\\\/el-municipio-pionero-en-las-politicas-de-igualdad\\\/#breadcrumb\"},\"inLanguage\":\"es\",\"potentialAction\":[{\"@type\":\"ReadAction\",\"target\":[\"https:\\\/\\\/albal.es\\\/es\\\/noticies\\\/el-municipio-pionero-en-las-politicas-de-igualdad\\\/\"]}]},{\"@type\":\"ImageObject\",\"inLanguage\":\"es\",\"@id\":\"https:\\\/\\\/albal.es\\\/es\\\/noticies\\\/el-municipio-pionero-en-las-politicas-de-igualdad\\\/#primaryimage\",\"url\":\"https:\\\/\\\/albal.es\\\/content-albal\\\/uploads\\\/2023\\\/03\\\/WhatsApp-Image-2023-03-03-at-13.32.51.jpeg\",\"contentUrl\":\"https:\\\/\\\/albal.es\\\/content-albal\\\/uploads\\\/2023\\\/03\\\/WhatsApp-Image-2023-03-03-at-13.32.51.jpeg\",\"width\":1600,\"height\":1200},{\"@type\":\"BreadcrumbList\",\"@id\":\"https:\\\/\\\/albal.es\\\/es\\\/noticies\\\/el-municipio-pionero-en-las-politicas-de-igualdad\\\/#breadcrumb\",\"itemListElement\":[{\"@type\":\"ListItem\",\"position\":1,\"name\":\"Inici\",\"item\":\"https:\\\/\\\/albal.es\\\/es\\\/\"},{\"@type\":\"ListItem\",\"position\":2,\"name\":\"El municipio, pionero en las pol\u00edticas de Igualdad\"}]},{\"@type\":\"WebSite\",\"@id\":\"https:\\\/\\\/albal.es\\\/es\\\/#website\",\"url\":\"https:\\\/\\\/albal.es\\\/es\\\/\",\"name\":\"Ajuntament d&#039;Albal\",\"description\":\"Ajuntament d&#039;Albal\",\"publisher\":{\"@id\":\"https:\\\/\\\/albal.es\\\/es\\\/#organization\"},\"potentialAction\":[{\"@type\":\"SearchAction\",\"target\":{\"@type\":\"EntryPoint\",\"urlTemplate\":\"https:\\\/\\\/albal.es\\\/es\\\/?s={search_term_string}\"},\"query-input\":{\"@type\":\"PropertyValueSpecification\",\"valueRequired\":true,\"valueName\":\"search_term_string\"}}],\"inLanguage\":\"es\"},{\"@type\":\"Organization\",\"@id\":\"https:\\\/\\\/albal.es\\\/es\\\/#organization\",\"name\":\"Ajuntament d'Albal - Valencia\",\"url\":\"https:\\\/\\\/albal.es\\\/es\\\/\",\"logo\":{\"@type\":\"ImageObject\",\"inLanguage\":\"es\",\"@id\":\"https:\\\/\\\/albal.es\\\/es\\\/#\\\/schema\\\/logo\\\/image\\\/\",\"url\":\"https:\\\/\\\/albal.es\\\/content-albal\\\/uploads\\\/2020\\\/06\\\/logo-ayuntamiento-albal.png\",\"contentUrl\":\"https:\\\/\\\/albal.es\\\/content-albal\\\/uploads\\\/2020\\\/06\\\/logo-ayuntamiento-albal.png\",\"width\":367,\"height\":332,\"caption\":\"Ajuntament d'Albal - Valencia\"},\"image\":{\"@id\":\"https:\\\/\\\/albal.es\\\/es\\\/#\\\/schema\\\/logo\\\/image\\\/\"},\"sameAs\":[\"https:\\\/\\\/facebook.com\\\/AjuntamentAlbal\\\/\"]},{\"@type\":\"Person\",\"@id\":\"https:\\\/\\\/albal.es\\\/es\\\/#\\\/schema\\\/person\\\/ae29ef751fc57095742fd1bc34bd3e52\",\"name\":\"Cristina Pomares Fern\u00e1ndez\"}]}<\/script>\n<!-- \/ Yoast SEO plugin. -->","yoast_head_json":{"title":"El municipio, pionero en las pol\u00edticas de Igualdad - Ajuntament d&#039;Albal","robots":{"index":"index","follow":"follow","max-snippet":"max-snippet:-1","max-image-preview":"max-image-preview:large","max-video-preview":"max-video-preview:-1"},"canonical":"https:\/\/albal.es\/es\/noticies\/el-municipio-pionero-en-las-politicas-de-igualdad\/","og_locale":"es_ES","og_type":"article","og_title":"El municipio, pionero en las pol\u00edticas de Igualdad - Ajuntament d&#039;Albal","og_description":"La lucha de la localidad que gobierna Ram\u00f3n Mar\u00ed, contra la prostituci\u00f3n y castigando a los puteros, ha sido reconocida a nivel europeo y reconocida por la Diputaci\u00f3n de Val\u00e8ncia","og_site_name":"Ajuntament d&#039;Albal","article_publisher":"https:\/\/facebook.com\/AjuntamentAlbal\/","article_published_time":"2023-03-03T12:41:13+00:00","og_image":[{"width":1600,"height":1200,"url":"https:\/\/albal.es\/content-albal\/uploads\/2023\/03\/WhatsApp-Image-2023-03-03-at-13.32.51.jpeg","type":"image\/jpeg"}],"author":"Cristina Pomares Fern\u00e1ndez","twitter_card":"summary_large_image","twitter_misc":{"Escrito por":"Cristina Pomares Fern\u00e1ndez","Tiempo de lectura":"5 minutos","Written by":"Cristina Pomares Fern\u00e1ndez"},"schema":{"@context":"https:\/\/schema.org","@graph":[{"@type":"Article","@id":"https:\/\/albal.es\/es\/noticies\/el-municipio-pionero-en-las-politicas-de-igualdad\/#article","isPartOf":{"@id":"https:\/\/albal.es\/es\/noticies\/el-municipio-pionero-en-las-politicas-de-igualdad\/"},"author":{"name":"Cristina Pomares Fern\u00e1ndez","@id":"https:\/\/albal.es\/es\/#\/schema\/person\/ae29ef751fc57095742fd1bc34bd3e52"},"headline":"El municipio, pionero en las pol\u00edticas de Igualdad","datePublished":"2023-03-03T12:41:13+00:00","mainEntityOfPage":{"@id":"https:\/\/albal.es\/es\/noticies\/el-municipio-pionero-en-las-politicas-de-igualdad\/"},"wordCount":1009,"publisher":{"@id":"https:\/\/albal.es\/es\/#organization"},"image":{"@id":"https:\/\/albal.es\/es\/noticies\/el-municipio-pionero-en-las-politicas-de-igualdad\/#primaryimage"},"thumbnailUrl":"https:\/\/albal.es\/content-albal\/uploads\/2023\/03\/WhatsApp-Image-2023-03-03-at-13.32.51.jpeg","articleSection":["Municipio","Social"],"inLanguage":"es"},{"@type":"WebPage","@id":"https:\/\/albal.es\/es\/noticies\/el-municipio-pionero-en-las-politicas-de-igualdad\/","url":"https:\/\/albal.es\/es\/noticies\/el-municipio-pionero-en-las-politicas-de-igualdad\/","name":"El municipio, pionero en las pol\u00edticas de Igualdad - Ajuntament d&#039;Albal","isPartOf":{"@id":"https:\/\/albal.es\/es\/#website"},"primaryImageOfPage":{"@id":"https:\/\/albal.es\/es\/noticies\/el-municipio-pionero-en-las-politicas-de-igualdad\/#primaryimage"},"image":{"@id":"https:\/\/albal.es\/es\/noticies\/el-municipio-pionero-en-las-politicas-de-igualdad\/#primaryimage"},"thumbnailUrl":"https:\/\/albal.es\/content-albal\/uploads\/2023\/03\/WhatsApp-Image-2023-03-03-at-13.32.51.jpeg","datePublished":"2023-03-03T12:41:13+00:00","breadcrumb":{"@id":"https:\/\/albal.es\/es\/noticies\/el-municipio-pionero-en-las-politicas-de-igualdad\/#breadcrumb"},"inLanguage":"es","potentialAction":[{"@type":"ReadAction","target":["https:\/\/albal.es\/es\/noticies\/el-municipio-pionero-en-las-politicas-de-igualdad\/"]}]},{"@type":"ImageObject","inLanguage":"es","@id":"https:\/\/albal.es\/es\/noticies\/el-municipio-pionero-en-las-politicas-de-igualdad\/#primaryimage","url":"https:\/\/albal.es\/content-albal\/uploads\/2023\/03\/WhatsApp-Image-2023-03-03-at-13.32.51.jpeg","contentUrl":"https:\/\/albal.es\/content-albal\/uploads\/2023\/03\/WhatsApp-Image-2023-03-03-at-13.32.51.jpeg","width":1600,"height":1200},{"@type":"BreadcrumbList","@id":"https:\/\/albal.es\/es\/noticies\/el-municipio-pionero-en-las-politicas-de-igualdad\/#breadcrumb","itemListElement":[{"@type":"ListItem","position":1,"name":"Inici","item":"https:\/\/albal.es\/es\/"},{"@type":"ListItem","position":2,"name":"El municipio, pionero en las pol\u00edticas de Igualdad"}]},{"@type":"WebSite","@id":"https:\/\/albal.es\/es\/#website","url":"https:\/\/albal.es\/es\/","name":"Ajuntament d&#039;Albal","description":"Ajuntament d&#039;Albal","publisher":{"@id":"https:\/\/albal.es\/es\/#organization"},"potentialAction":[{"@type":"SearchAction","target":{"@type":"EntryPoint","urlTemplate":"https:\/\/albal.es\/es\/?s={search_term_string}"},"query-input":{"@type":"PropertyValueSpecification","valueRequired":true,"valueName":"search_term_string"}}],"inLanguage":"es"},{"@type":"Organization","@id":"https:\/\/albal.es\/es\/#organization","name":"Ajuntament d'Albal - Valencia","url":"https:\/\/albal.es\/es\/","logo":{"@type":"ImageObject","inLanguage":"es","@id":"https:\/\/albal.es\/es\/#\/schema\/logo\/image\/","url":"https:\/\/albal.es\/content-albal\/uploads\/2020\/06\/logo-ayuntamiento-albal.png","contentUrl":"https:\/\/albal.es\/content-albal\/uploads\/2020\/06\/logo-ayuntamiento-albal.png","width":367,"height":332,"caption":"Ajuntament d'Albal - Valencia"},"image":{"@id":"https:\/\/albal.es\/es\/#\/schema\/logo\/image\/"},"sameAs":["https:\/\/facebook.com\/AjuntamentAlbal\/"]},{"@type":"Person","@id":"https:\/\/albal.es\/es\/#\/schema\/person\/ae29ef751fc57095742fd1bc34bd3e52","name":"Cristina Pomares Fern\u00e1ndez"}]}},"publishpress_future_workflow_manual_trigger":{"enabledWorkflows":[]},"_links":{"self":[{"href":"https:\/\/albal.es\/es\/wp-json\/wp\/v2\/posts\/41760","targetHints":{"allow":["GET"]}}],"collection":[{"href":"https:\/\/albal.es\/es\/wp-json\/wp\/v2\/posts"}],"about":[{"href":"https:\/\/albal.es\/es\/wp-json\/wp\/v2\/types\/post"}],"author":[{"embeddable":true,"href":"https:\/\/albal.es\/es\/wp-json\/wp\/v2\/users\/31"}],"replies":[{"embeddable":true,"href":"https:\/\/albal.es\/es\/wp-json\/wp\/v2\/comments?post=41760"}],"version-history":[{"count":0,"href":"https:\/\/albal.es\/es\/wp-json\/wp\/v2\/posts\/41760\/revisions"}],"wp:featuredmedia":[{"embeddable":true,"href":"https:\/\/albal.es\/es\/wp-json\/wp\/v2\/media\/41758"}],"wp:attachment":[{"href":"https:\/\/albal.es\/es\/wp-json\/wp\/v2\/media?parent=41760"}],"wp:term":[{"taxonomy":"category","embeddable":true,"href":"https:\/\/albal.es\/es\/wp-json\/wp\/v2\/categories?post=41760"},{"taxonomy":"post_tag","embeddable":true,"href":"https:\/\/albal.es\/es\/wp-json\/wp\/v2\/tags?post=41760"},{"taxonomy":"author","embeddable":true,"href":"https:\/\/albal.es\/es\/wp-json\/wp\/v2\/coauthors?post=41760"}],"curies":[{"name":"wp","href":"https:\/\/api.w.org\/{rel}","templated":true}]}}