

{"id":40707,"date":"2023-02-14T12:21:52","date_gmt":"2023-02-14T11:21:52","guid":{"rendered":"https:\/\/albal.es\/noticies\/el-cartel-de-las-fallas-es-un-homenaje-a-la-igualdad-la-tradicion-y-la-alegria\/"},"modified":"2023-02-14T12:21:52","modified_gmt":"2023-02-14T11:21:52","slug":"el-cartel-de-las-fallas-es-un-homenaje-a-la-igualdad-la-tradicion-y-la-alegria","status":"publish","type":"post","link":"https:\/\/albal.es\/es\/noticies\/el-cartel-de-las-fallas-es-un-homenaje-a-la-igualdad-la-tradicion-y-la-alegria\/","title":{"rendered":"El cartel de las Fallas 2023 es un homenaje a la Igualdad, la tradici\u00f3n y la alegr\u00eda"},"content":{"rendered":"<p>El Ayuntamiento de Albal ha presentado esta tarde el cartel anunciador para las Fallas 2023 obra del picassentino y estudiante de Dise\u00f1o Gr\u00e1fico y Fotograf\u00eda en la Escuela Superior de Arte y Dise\u00f1o de Val\u00e8ncia, Alejandro Aguado, hijo adem\u00e1s de un conocido comerciante local gerente de una imprenta.<\/p>\n<p>El sal\u00f3n de plenos se ha llenado de las m\u00e1ximas autoridades del mundo fallero, encabezadas por las Falleras Mayores de Albal 2023, Sonia\u00a0Mir\u00f3n\u00a0Maestre y la ni\u00f1a Laura Ram\u00edrez Vila, apoyadas por el alcalde Ram\u00f3n Mar\u00ed, el regidor de Fiestas Sergio\u00a0Burguet, el presidente de Junta Local Fallera (JLF)\u00a0Miguel Mart\u00ednez y miembros de la corporaci\u00f3n. Los representantes de las siete comisiones falleras han asistido al acto y han recibido de manos de las reinas falleras una copia del cartel que los acompa\u00f1ar\u00e1 durante los d\u00edas grandes de la fiesta, a sus casales.<\/p>\n<p>El creador ha explicado que su trabajo es una combinaci\u00f3n de modernidad a trav\u00e9s de la tipograf\u00eda y de tradici\u00f3n, con los colores marrones que recuerdan los monumentos m\u00e1s emblem\u00e1ticos de la ciudad. Contiene tambi\u00e9n el violeta y morado de la Igualdad y la silueta de una mujer empoderada, en sinton\u00eda con las pol\u00edticas contra las desigualdades y la lucha contra la explotaci\u00f3n sexual del pueblo que preside Ram\u00f3n Mar\u00ed. Elementos como el fuego y la p\u00f3lvora tambi\u00e9n est\u00e1n marcados en un cartel colorido, sobre fondo blanco purificador y que denota la combinaci\u00f3n de una convivencia en paz.<\/p>\n<p>Por su parte, el alcalde Ram\u00f3n Mar\u00ed ha agradecido el compromiso del colectivo con la cultura y las tradiciones valencianas por \u00aby por haberlo ense\u00f1ado a querer m\u00e1s las Fallas, una fiesta \u00fanica al mundo Patrimonio Inmaterial de la Humanidad\u00bb. Tambi\u00e9n ha hecho hincapi\u00e9 en la colaboraci\u00f3n de la ciudadan\u00eda, el tejido comercial y asociativo local para poner su granito de arena en la celebraci\u00f3n. El primer edil ha felicitado al joven creador \u00abpor una propuesta que invita a la alegr\u00eda y la fiesta\u00bb.<\/p>\n<p>Albal celebrar\u00e1 la Crida Fallero el pr\u00f3ximo s\u00e1bado 25 de febrero.<\/p>\n","protected":false},"excerpt":{"rendered":"<p>Ha sido un trabajo del joven picassentino Alejandro Aguado, estudiando de Dise\u00f1o Gr\u00e1fico y Fotograf\u00eda en la Escuela Superior de Arte y Dise\u00f1o de Val\u00e8ncia<\/p>\n","protected":false},"author":31,"featured_media":40705,"comment_status":"closed","ping_status":"closed","sticky":false,"template":"","format":"standard","meta":{"_acf_changed":false,"_et_pb_use_builder":"","_et_pb_old_content":"","_et_gb_content_width":"","footnotes":""},"categories":[1,12,11,16],"tags":[],"coauthors":[86],"class_list":["post-40707","post","type-post","status-publish","format-standard","has-post-thumbnail","hentry","category-noticias-ayuntamiento","category-noticias-cultura","category-noticias-fiestas","category-noticias-municipio"],"acf":[],"yoast_head":"<!-- This site is optimized with the Yoast SEO plugin v27.4 - https:\/\/yoast.com\/product\/yoast-seo-wordpress\/ -->\n<title>El cartel de las Fallas 2023 es un homenaje a la Igualdad, la tradici\u00f3n y la alegr\u00eda - Ajuntament d&#039;Albal<\/title>\n<meta name=\"robots\" content=\"index, follow, max-snippet:-1, max-image-preview:large, max-video-preview:-1\" \/>\n<link rel=\"canonical\" href=\"https:\/\/albal.es\/es\/noticies\/el-cartel-de-las-fallas-es-un-homenaje-a-la-igualdad-la-tradicion-y-la-alegria\/\" \/>\n<meta property=\"og:locale\" content=\"es_ES\" \/>\n<meta property=\"og:type\" content=\"article\" \/>\n<meta property=\"og:title\" content=\"El cartel de las Fallas 2023 es un homenaje a la Igualdad, la tradici\u00f3n y la alegr\u00eda - Ajuntament d&#039;Albal\" \/>\n<meta property=\"og:description\" content=\"Ha sido un trabajo del joven picassentino Alejandro Aguado, estudiando de Dise\u00f1o Gr\u00e1fico y Fotograf\u00eda en la Escuela Superior de Arte y Dise\u00f1o de Val\u00e8ncia\" \/>\n<meta property=\"og:site_name\" content=\"Ajuntament d&#039;Albal\" \/>\n<meta property=\"article:publisher\" content=\"https:\/\/facebook.com\/AjuntamentAlbal\/\" \/>\n<meta property=\"article:published_time\" content=\"2023-02-14T11:21:52+00:00\" \/>\n<meta property=\"og:image\" content=\"https:\/\/albal.es\/content-albal\/uploads\/2023\/02\/328497022_718489903199086_1734333756168618341_n.jpg\" \/>\n\t<meta property=\"og:image:width\" content=\"2048\" \/>\n\t<meta property=\"og:image:height\" content=\"1536\" \/>\n\t<meta property=\"og:image:type\" content=\"image\/jpeg\" \/>\n<meta name=\"author\" content=\"Cristina Pomares Fern\u00e1ndez\" \/>\n<meta name=\"twitter:card\" content=\"summary_large_image\" \/>\n<meta name=\"twitter:label1\" content=\"Escrito por\" \/>\n\t<meta name=\"twitter:data1\" content=\"Cristina Pomares Fern\u00e1ndez\" \/>\n\t<meta name=\"twitter:label2\" content=\"Tiempo de lectura\" \/>\n\t<meta name=\"twitter:data2\" content=\"2 minutos\" \/>\n\t<meta name=\"twitter:label3\" content=\"Written by\" \/>\n\t<meta name=\"twitter:data3\" content=\"Cristina Pomares Fern\u00e1ndez\" \/>\n<script type=\"application\/ld+json\" class=\"yoast-schema-graph\">{\"@context\":\"https:\\\/\\\/schema.org\",\"@graph\":[{\"@type\":\"Article\",\"@id\":\"https:\\\/\\\/albal.es\\\/es\\\/noticies\\\/el-cartel-de-las-fallas-es-un-homenaje-a-la-igualdad-la-tradicion-y-la-alegria\\\/#article\",\"isPartOf\":{\"@id\":\"https:\\\/\\\/albal.es\\\/es\\\/noticies\\\/el-cartel-de-las-fallas-es-un-homenaje-a-la-igualdad-la-tradicion-y-la-alegria\\\/\"},\"author\":{\"name\":\"Cristina Pomares Fern\u00e1ndez\",\"@id\":\"https:\\\/\\\/albal.es\\\/es\\\/#\\\/schema\\\/person\\\/ae29ef751fc57095742fd1bc34bd3e52\"},\"headline\":\"El cartel de las Fallas 2023 es un homenaje a la Igualdad, la tradici\u00f3n y la alegr\u00eda\",\"datePublished\":\"2023-02-14T11:21:52+00:00\",\"mainEntityOfPage\":{\"@id\":\"https:\\\/\\\/albal.es\\\/es\\\/noticies\\\/el-cartel-de-las-fallas-es-un-homenaje-a-la-igualdad-la-tradicion-y-la-alegria\\\/\"},\"wordCount\":391,\"publisher\":{\"@id\":\"https:\\\/\\\/albal.es\\\/es\\\/#organization\"},\"image\":{\"@id\":\"https:\\\/\\\/albal.es\\\/es\\\/noticies\\\/el-cartel-de-las-fallas-es-un-homenaje-a-la-igualdad-la-tradicion-y-la-alegria\\\/#primaryimage\"},\"thumbnailUrl\":\"https:\\\/\\\/albal.es\\\/content-albal\\\/uploads\\\/2023\\\/02\\\/328497022_718489903199086_1734333756168618341_n.jpg\",\"articleSection\":[\"Ayuntamiento\",\"Cultura\",\"Fiestas\",\"Municipio\"],\"inLanguage\":\"es\"},{\"@type\":\"WebPage\",\"@id\":\"https:\\\/\\\/albal.es\\\/es\\\/noticies\\\/el-cartel-de-las-fallas-es-un-homenaje-a-la-igualdad-la-tradicion-y-la-alegria\\\/\",\"url\":\"https:\\\/\\\/albal.es\\\/es\\\/noticies\\\/el-cartel-de-las-fallas-es-un-homenaje-a-la-igualdad-la-tradicion-y-la-alegria\\\/\",\"name\":\"El cartel de las Fallas 2023 es un homenaje a la Igualdad, la tradici\u00f3n y la alegr\u00eda - Ajuntament d&#039;Albal\",\"isPartOf\":{\"@id\":\"https:\\\/\\\/albal.es\\\/es\\\/#website\"},\"primaryImageOfPage\":{\"@id\":\"https:\\\/\\\/albal.es\\\/es\\\/noticies\\\/el-cartel-de-las-fallas-es-un-homenaje-a-la-igualdad-la-tradicion-y-la-alegria\\\/#primaryimage\"},\"image\":{\"@id\":\"https:\\\/\\\/albal.es\\\/es\\\/noticies\\\/el-cartel-de-las-fallas-es-un-homenaje-a-la-igualdad-la-tradicion-y-la-alegria\\\/#primaryimage\"},\"thumbnailUrl\":\"https:\\\/\\\/albal.es\\\/content-albal\\\/uploads\\\/2023\\\/02\\\/328497022_718489903199086_1734333756168618341_n.jpg\",\"datePublished\":\"2023-02-14T11:21:52+00:00\",\"breadcrumb\":{\"@id\":\"https:\\\/\\\/albal.es\\\/es\\\/noticies\\\/el-cartel-de-las-fallas-es-un-homenaje-a-la-igualdad-la-tradicion-y-la-alegria\\\/#breadcrumb\"},\"inLanguage\":\"es\",\"potentialAction\":[{\"@type\":\"ReadAction\",\"target\":[\"https:\\\/\\\/albal.es\\\/es\\\/noticies\\\/el-cartel-de-las-fallas-es-un-homenaje-a-la-igualdad-la-tradicion-y-la-alegria\\\/\"]}]},{\"@type\":\"ImageObject\",\"inLanguage\":\"es\",\"@id\":\"https:\\\/\\\/albal.es\\\/es\\\/noticies\\\/el-cartel-de-las-fallas-es-un-homenaje-a-la-igualdad-la-tradicion-y-la-alegria\\\/#primaryimage\",\"url\":\"https:\\\/\\\/albal.es\\\/content-albal\\\/uploads\\\/2023\\\/02\\\/328497022_718489903199086_1734333756168618341_n.jpg\",\"contentUrl\":\"https:\\\/\\\/albal.es\\\/content-albal\\\/uploads\\\/2023\\\/02\\\/328497022_718489903199086_1734333756168618341_n.jpg\",\"width\":2048,\"height\":1536},{\"@type\":\"BreadcrumbList\",\"@id\":\"https:\\\/\\\/albal.es\\\/es\\\/noticies\\\/el-cartel-de-las-fallas-es-un-homenaje-a-la-igualdad-la-tradicion-y-la-alegria\\\/#breadcrumb\",\"itemListElement\":[{\"@type\":\"ListItem\",\"position\":1,\"name\":\"Inici\",\"item\":\"https:\\\/\\\/albal.es\\\/es\\\/\"},{\"@type\":\"ListItem\",\"position\":2,\"name\":\"El cartel de las Fallas 2023 es un homenaje a la Igualdad, la tradici\u00f3n y la alegr\u00eda\"}]},{\"@type\":\"WebSite\",\"@id\":\"https:\\\/\\\/albal.es\\\/es\\\/#website\",\"url\":\"https:\\\/\\\/albal.es\\\/es\\\/\",\"name\":\"Ajuntament d&#039;Albal\",\"description\":\"Ajuntament d&#039;Albal\",\"publisher\":{\"@id\":\"https:\\\/\\\/albal.es\\\/es\\\/#organization\"},\"potentialAction\":[{\"@type\":\"SearchAction\",\"target\":{\"@type\":\"EntryPoint\",\"urlTemplate\":\"https:\\\/\\\/albal.es\\\/es\\\/?s={search_term_string}\"},\"query-input\":{\"@type\":\"PropertyValueSpecification\",\"valueRequired\":true,\"valueName\":\"search_term_string\"}}],\"inLanguage\":\"es\"},{\"@type\":\"Organization\",\"@id\":\"https:\\\/\\\/albal.es\\\/es\\\/#organization\",\"name\":\"Ajuntament d'Albal - Valencia\",\"url\":\"https:\\\/\\\/albal.es\\\/es\\\/\",\"logo\":{\"@type\":\"ImageObject\",\"inLanguage\":\"es\",\"@id\":\"https:\\\/\\\/albal.es\\\/es\\\/#\\\/schema\\\/logo\\\/image\\\/\",\"url\":\"https:\\\/\\\/albal.es\\\/content-albal\\\/uploads\\\/2020\\\/06\\\/logo-ayuntamiento-albal.png\",\"contentUrl\":\"https:\\\/\\\/albal.es\\\/content-albal\\\/uploads\\\/2020\\\/06\\\/logo-ayuntamiento-albal.png\",\"width\":367,\"height\":332,\"caption\":\"Ajuntament d'Albal - Valencia\"},\"image\":{\"@id\":\"https:\\\/\\\/albal.es\\\/es\\\/#\\\/schema\\\/logo\\\/image\\\/\"},\"sameAs\":[\"https:\\\/\\\/facebook.com\\\/AjuntamentAlbal\\\/\"]},{\"@type\":\"Person\",\"@id\":\"https:\\\/\\\/albal.es\\\/es\\\/#\\\/schema\\\/person\\\/ae29ef751fc57095742fd1bc34bd3e52\",\"name\":\"Cristina Pomares Fern\u00e1ndez\"}]}<\/script>\n<!-- \/ Yoast SEO plugin. -->","yoast_head_json":{"title":"El cartel de las Fallas 2023 es un homenaje a la Igualdad, la tradici\u00f3n y la alegr\u00eda - Ajuntament d&#039;Albal","robots":{"index":"index","follow":"follow","max-snippet":"max-snippet:-1","max-image-preview":"max-image-preview:large","max-video-preview":"max-video-preview:-1"},"canonical":"https:\/\/albal.es\/es\/noticies\/el-cartel-de-las-fallas-es-un-homenaje-a-la-igualdad-la-tradicion-y-la-alegria\/","og_locale":"es_ES","og_type":"article","og_title":"El cartel de las Fallas 2023 es un homenaje a la Igualdad, la tradici\u00f3n y la alegr\u00eda - Ajuntament d&#039;Albal","og_description":"Ha sido un trabajo del joven picassentino Alejandro Aguado, estudiando de Dise\u00f1o Gr\u00e1fico y Fotograf\u00eda en la Escuela Superior de Arte y Dise\u00f1o de Val\u00e8ncia","og_site_name":"Ajuntament d&#039;Albal","article_publisher":"https:\/\/facebook.com\/AjuntamentAlbal\/","article_published_time":"2023-02-14T11:21:52+00:00","og_image":[{"width":2048,"height":1536,"url":"https:\/\/albal.es\/content-albal\/uploads\/2023\/02\/328497022_718489903199086_1734333756168618341_n.jpg","type":"image\/jpeg"}],"author":"Cristina Pomares Fern\u00e1ndez","twitter_card":"summary_large_image","twitter_misc":{"Escrito por":"Cristina Pomares Fern\u00e1ndez","Tiempo de lectura":"2 minutos","Written by":"Cristina Pomares Fern\u00e1ndez"},"schema":{"@context":"https:\/\/schema.org","@graph":[{"@type":"Article","@id":"https:\/\/albal.es\/es\/noticies\/el-cartel-de-las-fallas-es-un-homenaje-a-la-igualdad-la-tradicion-y-la-alegria\/#article","isPartOf":{"@id":"https:\/\/albal.es\/es\/noticies\/el-cartel-de-las-fallas-es-un-homenaje-a-la-igualdad-la-tradicion-y-la-alegria\/"},"author":{"name":"Cristina Pomares Fern\u00e1ndez","@id":"https:\/\/albal.es\/es\/#\/schema\/person\/ae29ef751fc57095742fd1bc34bd3e52"},"headline":"El cartel de las Fallas 2023 es un homenaje a la Igualdad, la tradici\u00f3n y la alegr\u00eda","datePublished":"2023-02-14T11:21:52+00:00","mainEntityOfPage":{"@id":"https:\/\/albal.es\/es\/noticies\/el-cartel-de-las-fallas-es-un-homenaje-a-la-igualdad-la-tradicion-y-la-alegria\/"},"wordCount":391,"publisher":{"@id":"https:\/\/albal.es\/es\/#organization"},"image":{"@id":"https:\/\/albal.es\/es\/noticies\/el-cartel-de-las-fallas-es-un-homenaje-a-la-igualdad-la-tradicion-y-la-alegria\/#primaryimage"},"thumbnailUrl":"https:\/\/albal.es\/content-albal\/uploads\/2023\/02\/328497022_718489903199086_1734333756168618341_n.jpg","articleSection":["Ayuntamiento","Cultura","Fiestas","Municipio"],"inLanguage":"es"},{"@type":"WebPage","@id":"https:\/\/albal.es\/es\/noticies\/el-cartel-de-las-fallas-es-un-homenaje-a-la-igualdad-la-tradicion-y-la-alegria\/","url":"https:\/\/albal.es\/es\/noticies\/el-cartel-de-las-fallas-es-un-homenaje-a-la-igualdad-la-tradicion-y-la-alegria\/","name":"El cartel de las Fallas 2023 es un homenaje a la Igualdad, la tradici\u00f3n y la alegr\u00eda - Ajuntament d&#039;Albal","isPartOf":{"@id":"https:\/\/albal.es\/es\/#website"},"primaryImageOfPage":{"@id":"https:\/\/albal.es\/es\/noticies\/el-cartel-de-las-fallas-es-un-homenaje-a-la-igualdad-la-tradicion-y-la-alegria\/#primaryimage"},"image":{"@id":"https:\/\/albal.es\/es\/noticies\/el-cartel-de-las-fallas-es-un-homenaje-a-la-igualdad-la-tradicion-y-la-alegria\/#primaryimage"},"thumbnailUrl":"https:\/\/albal.es\/content-albal\/uploads\/2023\/02\/328497022_718489903199086_1734333756168618341_n.jpg","datePublished":"2023-02-14T11:21:52+00:00","breadcrumb":{"@id":"https:\/\/albal.es\/es\/noticies\/el-cartel-de-las-fallas-es-un-homenaje-a-la-igualdad-la-tradicion-y-la-alegria\/#breadcrumb"},"inLanguage":"es","potentialAction":[{"@type":"ReadAction","target":["https:\/\/albal.es\/es\/noticies\/el-cartel-de-las-fallas-es-un-homenaje-a-la-igualdad-la-tradicion-y-la-alegria\/"]}]},{"@type":"ImageObject","inLanguage":"es","@id":"https:\/\/albal.es\/es\/noticies\/el-cartel-de-las-fallas-es-un-homenaje-a-la-igualdad-la-tradicion-y-la-alegria\/#primaryimage","url":"https:\/\/albal.es\/content-albal\/uploads\/2023\/02\/328497022_718489903199086_1734333756168618341_n.jpg","contentUrl":"https:\/\/albal.es\/content-albal\/uploads\/2023\/02\/328497022_718489903199086_1734333756168618341_n.jpg","width":2048,"height":1536},{"@type":"BreadcrumbList","@id":"https:\/\/albal.es\/es\/noticies\/el-cartel-de-las-fallas-es-un-homenaje-a-la-igualdad-la-tradicion-y-la-alegria\/#breadcrumb","itemListElement":[{"@type":"ListItem","position":1,"name":"Inici","item":"https:\/\/albal.es\/es\/"},{"@type":"ListItem","position":2,"name":"El cartel de las Fallas 2023 es un homenaje a la Igualdad, la tradici\u00f3n y la alegr\u00eda"}]},{"@type":"WebSite","@id":"https:\/\/albal.es\/es\/#website","url":"https:\/\/albal.es\/es\/","name":"Ajuntament d&#039;Albal","description":"Ajuntament d&#039;Albal","publisher":{"@id":"https:\/\/albal.es\/es\/#organization"},"potentialAction":[{"@type":"SearchAction","target":{"@type":"EntryPoint","urlTemplate":"https:\/\/albal.es\/es\/?s={search_term_string}"},"query-input":{"@type":"PropertyValueSpecification","valueRequired":true,"valueName":"search_term_string"}}],"inLanguage":"es"},{"@type":"Organization","@id":"https:\/\/albal.es\/es\/#organization","name":"Ajuntament d'Albal - Valencia","url":"https:\/\/albal.es\/es\/","logo":{"@type":"ImageObject","inLanguage":"es","@id":"https:\/\/albal.es\/es\/#\/schema\/logo\/image\/","url":"https:\/\/albal.es\/content-albal\/uploads\/2020\/06\/logo-ayuntamiento-albal.png","contentUrl":"https:\/\/albal.es\/content-albal\/uploads\/2020\/06\/logo-ayuntamiento-albal.png","width":367,"height":332,"caption":"Ajuntament d'Albal - Valencia"},"image":{"@id":"https:\/\/albal.es\/es\/#\/schema\/logo\/image\/"},"sameAs":["https:\/\/facebook.com\/AjuntamentAlbal\/"]},{"@type":"Person","@id":"https:\/\/albal.es\/es\/#\/schema\/person\/ae29ef751fc57095742fd1bc34bd3e52","name":"Cristina Pomares Fern\u00e1ndez"}]}},"publishpress_future_workflow_manual_trigger":{"enabledWorkflows":[]},"_links":{"self":[{"href":"https:\/\/albal.es\/es\/wp-json\/wp\/v2\/posts\/40707","targetHints":{"allow":["GET"]}}],"collection":[{"href":"https:\/\/albal.es\/es\/wp-json\/wp\/v2\/posts"}],"about":[{"href":"https:\/\/albal.es\/es\/wp-json\/wp\/v2\/types\/post"}],"author":[{"embeddable":true,"href":"https:\/\/albal.es\/es\/wp-json\/wp\/v2\/users\/31"}],"replies":[{"embeddable":true,"href":"https:\/\/albal.es\/es\/wp-json\/wp\/v2\/comments?post=40707"}],"version-history":[{"count":0,"href":"https:\/\/albal.es\/es\/wp-json\/wp\/v2\/posts\/40707\/revisions"}],"wp:featuredmedia":[{"embeddable":true,"href":"https:\/\/albal.es\/es\/wp-json\/wp\/v2\/media\/40705"}],"wp:attachment":[{"href":"https:\/\/albal.es\/es\/wp-json\/wp\/v2\/media?parent=40707"}],"wp:term":[{"taxonomy":"category","embeddable":true,"href":"https:\/\/albal.es\/es\/wp-json\/wp\/v2\/categories?post=40707"},{"taxonomy":"post_tag","embeddable":true,"href":"https:\/\/albal.es\/es\/wp-json\/wp\/v2\/tags?post=40707"},{"taxonomy":"author","embeddable":true,"href":"https:\/\/albal.es\/es\/wp-json\/wp\/v2\/coauthors?post=40707"}],"curies":[{"name":"wp","href":"https:\/\/api.w.org\/{rel}","templated":true}]}}