

{"id":36973,"date":"2022-11-02T17:07:46","date_gmt":"2022-11-02T16:07:46","guid":{"rendered":"https:\/\/albal.es\/noticies\/los-festeros-y-festeras-de-santa-anna-renuevan-grupo-para-las-proximas-festividades-patronales\/"},"modified":"2022-11-02T17:07:46","modified_gmt":"2022-11-02T16:07:46","slug":"los-festeros-y-festeras-de-santa-anna-renuevan-grupo-para-las-proximas-festividades-patronales","status":"publish","type":"post","link":"https:\/\/albal.es\/es\/noticies\/los-festeros-y-festeras-de-santa-anna-renuevan-grupo-para-las-proximas-festividades-patronales\/","title":{"rendered":"Los Festeros y Festeras de Santa Anna renuevan grupo para las pr\u00f3ximas festividades patronales"},"content":{"rendered":"<p>La Concejal\u00eda de Fiestas del Ayuntamiento de Albal, que dirige el edil Sergio Burguet, ha dado ya la bienvenida a la nuevo grupo de Festeros y Festeras de Santa Anna.<\/p>\n<p>La agrupaci\u00f3n, compuesta por casi unos veinte j\u00f3venes de edades comprendidas entre los 22 y los 25 a\u00f1os, se reun\u00edan hace un par de semanas con el alcalde de la poblaci\u00f3n Ram\u00f3n Mar\u00ed y el concejal de Fiestas, para abordar las primeras cuestiones y actividades que contar\u00e1n con la participaci\u00f3n de los nuevos festeros de Santa Anna.<\/p>\n<p>Compuestos por un total de 10 chicas y 7 chicos, el conjunto presidido por Andrea Fos Gal\u00e1n dicen &#8216;estar emocionados para poder contribuir en las fiestas de Albal&#8217; y ya se encuentran cocinando proyectos e iniciativas dirigidas hacia la ciudadan\u00eda, especialmente para la poblaci\u00f3n joven.<\/p>\n<p>El pr\u00f3ximo martes 8 de noviembre, visitar\u00e1n la emisora municipal Radio Sol Albal en el programa &#8216;Un Fum de Veus&#8217;.<\/p>\n","protected":false},"excerpt":{"rendered":"<p>La Concejal\u00eda de Fiestas del Ayuntamiento de Albal, que dirige el edil Sergio Burguet, ha dado ya la bienvenida a la nuevo grupo de Festeros y Festeras de Santa Anna. La agrupaci\u00f3n, compuesta por casi unos veinte j\u00f3venes de edades comprendidas entre los 22 y los 25 a\u00f1os, se reun\u00edan hace un par de semanas [&hellip;]<\/p>\n","protected":false},"author":31,"featured_media":36971,"comment_status":"closed","ping_status":"closed","sticky":false,"template":"","format":"standard","meta":{"_acf_changed":false,"_et_pb_use_builder":"","_et_pb_old_content":"","_et_gb_content_width":"","footnotes":""},"categories":[11],"tags":[],"coauthors":[86],"class_list":["post-36973","post","type-post","status-publish","format-standard","has-post-thumbnail","hentry","category-noticias-fiestas"],"acf":[],"yoast_head":"<!-- This site is optimized with the Yoast SEO plugin v27.4 - https:\/\/yoast.com\/product\/yoast-seo-wordpress\/ -->\n<title>Los Festeros y Festeras de Santa Anna renuevan grupo para las pr\u00f3ximas festividades patronales - Ajuntament d&#039;Albal<\/title>\n<meta name=\"robots\" content=\"index, follow, max-snippet:-1, max-image-preview:large, max-video-preview:-1\" \/>\n<link rel=\"canonical\" href=\"https:\/\/albal.es\/es\/noticies\/los-festeros-y-festeras-de-santa-anna-renuevan-grupo-para-las-proximas-festividades-patronales\/\" \/>\n<meta property=\"og:locale\" content=\"es_ES\" \/>\n<meta property=\"og:type\" content=\"article\" \/>\n<meta property=\"og:title\" content=\"Los Festeros y Festeras de Santa Anna renuevan grupo para las pr\u00f3ximas festividades patronales - Ajuntament d&#039;Albal\" \/>\n<meta property=\"og:description\" content=\"La Concejal\u00eda de Fiestas del Ayuntamiento de Albal, que dirige el edil Sergio Burguet, ha dado ya la bienvenida a la nuevo grupo de Festeros y Festeras de Santa Anna. La agrupaci\u00f3n, compuesta por casi unos veinte j\u00f3venes de edades comprendidas entre los 22 y los 25 a\u00f1os, se reun\u00edan hace un par de semanas [&hellip;]\" \/>\n<meta property=\"og:site_name\" content=\"Ajuntament d&#039;Albal\" \/>\n<meta property=\"article:publisher\" content=\"https:\/\/facebook.com\/AjuntamentAlbal\/\" \/>\n<meta property=\"article:published_time\" content=\"2022-11-02T16:07:46+00:00\" \/>\n<meta property=\"og:image\" content=\"https:\/\/albal.es\/content-albal\/uploads\/2022\/11\/WhatsApp-Image-2022-11-02-at-13.28.43.jpeg\" \/>\n\t<meta property=\"og:image:width\" content=\"1200\" \/>\n\t<meta property=\"og:image:height\" content=\"1600\" \/>\n\t<meta property=\"og:image:type\" content=\"image\/jpeg\" \/>\n<meta name=\"author\" content=\"Cristina Pomares Fern\u00e1ndez\" \/>\n<meta name=\"twitter:card\" content=\"summary_large_image\" \/>\n<meta name=\"twitter:label1\" content=\"Escrito por\" \/>\n\t<meta name=\"twitter:data1\" content=\"Cristina Pomares Fern\u00e1ndez\" \/>\n\t<meta name=\"twitter:label2\" content=\"Tiempo de lectura\" \/>\n\t<meta name=\"twitter:data2\" content=\"1 minuto\" \/>\n\t<meta name=\"twitter:label3\" content=\"Written by\" \/>\n\t<meta name=\"twitter:data3\" content=\"Cristina Pomares Fern\u00e1ndez\" \/>\n<script type=\"application\/ld+json\" class=\"yoast-schema-graph\">{\"@context\":\"https:\\\/\\\/schema.org\",\"@graph\":[{\"@type\":\"Article\",\"@id\":\"https:\\\/\\\/albal.es\\\/es\\\/noticies\\\/los-festeros-y-festeras-de-santa-anna-renuevan-grupo-para-las-proximas-festividades-patronales\\\/#article\",\"isPartOf\":{\"@id\":\"https:\\\/\\\/albal.es\\\/es\\\/noticies\\\/los-festeros-y-festeras-de-santa-anna-renuevan-grupo-para-las-proximas-festividades-patronales\\\/\"},\"author\":{\"name\":\"Cristina Pomares Fern\u00e1ndez\",\"@id\":\"https:\\\/\\\/albal.es\\\/es\\\/#\\\/schema\\\/person\\\/ae29ef751fc57095742fd1bc34bd3e52\"},\"headline\":\"Los Festeros y Festeras de Santa Anna renuevan grupo para las pr\u00f3ximas festividades patronales\",\"datePublished\":\"2022-11-02T16:07:46+00:00\",\"mainEntityOfPage\":{\"@id\":\"https:\\\/\\\/albal.es\\\/es\\\/noticies\\\/los-festeros-y-festeras-de-santa-anna-renuevan-grupo-para-las-proximas-festividades-patronales\\\/\"},\"wordCount\":176,\"publisher\":{\"@id\":\"https:\\\/\\\/albal.es\\\/es\\\/#organization\"},\"image\":{\"@id\":\"https:\\\/\\\/albal.es\\\/es\\\/noticies\\\/los-festeros-y-festeras-de-santa-anna-renuevan-grupo-para-las-proximas-festividades-patronales\\\/#primaryimage\"},\"thumbnailUrl\":\"https:\\\/\\\/albal.es\\\/content-albal\\\/uploads\\\/2022\\\/11\\\/WhatsApp-Image-2022-11-02-at-13.28.43.jpeg\",\"articleSection\":[\"Fiestas\"],\"inLanguage\":\"es\"},{\"@type\":\"WebPage\",\"@id\":\"https:\\\/\\\/albal.es\\\/es\\\/noticies\\\/los-festeros-y-festeras-de-santa-anna-renuevan-grupo-para-las-proximas-festividades-patronales\\\/\",\"url\":\"https:\\\/\\\/albal.es\\\/es\\\/noticies\\\/los-festeros-y-festeras-de-santa-anna-renuevan-grupo-para-las-proximas-festividades-patronales\\\/\",\"name\":\"Los Festeros y Festeras de Santa Anna renuevan grupo para las pr\u00f3ximas festividades patronales - Ajuntament d&#039;Albal\",\"isPartOf\":{\"@id\":\"https:\\\/\\\/albal.es\\\/es\\\/#website\"},\"primaryImageOfPage\":{\"@id\":\"https:\\\/\\\/albal.es\\\/es\\\/noticies\\\/los-festeros-y-festeras-de-santa-anna-renuevan-grupo-para-las-proximas-festividades-patronales\\\/#primaryimage\"},\"image\":{\"@id\":\"https:\\\/\\\/albal.es\\\/es\\\/noticies\\\/los-festeros-y-festeras-de-santa-anna-renuevan-grupo-para-las-proximas-festividades-patronales\\\/#primaryimage\"},\"thumbnailUrl\":\"https:\\\/\\\/albal.es\\\/content-albal\\\/uploads\\\/2022\\\/11\\\/WhatsApp-Image-2022-11-02-at-13.28.43.jpeg\",\"datePublished\":\"2022-11-02T16:07:46+00:00\",\"breadcrumb\":{\"@id\":\"https:\\\/\\\/albal.es\\\/es\\\/noticies\\\/los-festeros-y-festeras-de-santa-anna-renuevan-grupo-para-las-proximas-festividades-patronales\\\/#breadcrumb\"},\"inLanguage\":\"es\",\"potentialAction\":[{\"@type\":\"ReadAction\",\"target\":[\"https:\\\/\\\/albal.es\\\/es\\\/noticies\\\/los-festeros-y-festeras-de-santa-anna-renuevan-grupo-para-las-proximas-festividades-patronales\\\/\"]}]},{\"@type\":\"ImageObject\",\"inLanguage\":\"es\",\"@id\":\"https:\\\/\\\/albal.es\\\/es\\\/noticies\\\/los-festeros-y-festeras-de-santa-anna-renuevan-grupo-para-las-proximas-festividades-patronales\\\/#primaryimage\",\"url\":\"https:\\\/\\\/albal.es\\\/content-albal\\\/uploads\\\/2022\\\/11\\\/WhatsApp-Image-2022-11-02-at-13.28.43.jpeg\",\"contentUrl\":\"https:\\\/\\\/albal.es\\\/content-albal\\\/uploads\\\/2022\\\/11\\\/WhatsApp-Image-2022-11-02-at-13.28.43.jpeg\",\"width\":1200,\"height\":1600},{\"@type\":\"BreadcrumbList\",\"@id\":\"https:\\\/\\\/albal.es\\\/es\\\/noticies\\\/los-festeros-y-festeras-de-santa-anna-renuevan-grupo-para-las-proximas-festividades-patronales\\\/#breadcrumb\",\"itemListElement\":[{\"@type\":\"ListItem\",\"position\":1,\"name\":\"Inici\",\"item\":\"https:\\\/\\\/albal.es\\\/es\\\/\"},{\"@type\":\"ListItem\",\"position\":2,\"name\":\"Los Festeros y Festeras de Santa Anna renuevan grupo para las pr\u00f3ximas festividades patronales\"}]},{\"@type\":\"WebSite\",\"@id\":\"https:\\\/\\\/albal.es\\\/es\\\/#website\",\"url\":\"https:\\\/\\\/albal.es\\\/es\\\/\",\"name\":\"Ajuntament d&#039;Albal\",\"description\":\"Ajuntament d&#039;Albal\",\"publisher\":{\"@id\":\"https:\\\/\\\/albal.es\\\/es\\\/#organization\"},\"potentialAction\":[{\"@type\":\"SearchAction\",\"target\":{\"@type\":\"EntryPoint\",\"urlTemplate\":\"https:\\\/\\\/albal.es\\\/es\\\/?s={search_term_string}\"},\"query-input\":{\"@type\":\"PropertyValueSpecification\",\"valueRequired\":true,\"valueName\":\"search_term_string\"}}],\"inLanguage\":\"es\"},{\"@type\":\"Organization\",\"@id\":\"https:\\\/\\\/albal.es\\\/es\\\/#organization\",\"name\":\"Ajuntament d'Albal - Valencia\",\"url\":\"https:\\\/\\\/albal.es\\\/es\\\/\",\"logo\":{\"@type\":\"ImageObject\",\"inLanguage\":\"es\",\"@id\":\"https:\\\/\\\/albal.es\\\/es\\\/#\\\/schema\\\/logo\\\/image\\\/\",\"url\":\"https:\\\/\\\/albal.es\\\/content-albal\\\/uploads\\\/2020\\\/06\\\/logo-ayuntamiento-albal.png\",\"contentUrl\":\"https:\\\/\\\/albal.es\\\/content-albal\\\/uploads\\\/2020\\\/06\\\/logo-ayuntamiento-albal.png\",\"width\":367,\"height\":332,\"caption\":\"Ajuntament d'Albal - Valencia\"},\"image\":{\"@id\":\"https:\\\/\\\/albal.es\\\/es\\\/#\\\/schema\\\/logo\\\/image\\\/\"},\"sameAs\":[\"https:\\\/\\\/facebook.com\\\/AjuntamentAlbal\\\/\"]},{\"@type\":\"Person\",\"@id\":\"https:\\\/\\\/albal.es\\\/es\\\/#\\\/schema\\\/person\\\/ae29ef751fc57095742fd1bc34bd3e52\",\"name\":\"Cristina Pomares Fern\u00e1ndez\"}]}<\/script>\n<!-- \/ Yoast SEO plugin. -->","yoast_head_json":{"title":"Los Festeros y Festeras de Santa Anna renuevan grupo para las pr\u00f3ximas festividades patronales - Ajuntament d&#039;Albal","robots":{"index":"index","follow":"follow","max-snippet":"max-snippet:-1","max-image-preview":"max-image-preview:large","max-video-preview":"max-video-preview:-1"},"canonical":"https:\/\/albal.es\/es\/noticies\/los-festeros-y-festeras-de-santa-anna-renuevan-grupo-para-las-proximas-festividades-patronales\/","og_locale":"es_ES","og_type":"article","og_title":"Los Festeros y Festeras de Santa Anna renuevan grupo para las pr\u00f3ximas festividades patronales - Ajuntament d&#039;Albal","og_description":"La Concejal\u00eda de Fiestas del Ayuntamiento de Albal, que dirige el edil Sergio Burguet, ha dado ya la bienvenida a la nuevo grupo de Festeros y Festeras de Santa Anna. La agrupaci\u00f3n, compuesta por casi unos veinte j\u00f3venes de edades comprendidas entre los 22 y los 25 a\u00f1os, se reun\u00edan hace un par de semanas [&hellip;]","og_site_name":"Ajuntament d&#039;Albal","article_publisher":"https:\/\/facebook.com\/AjuntamentAlbal\/","article_published_time":"2022-11-02T16:07:46+00:00","og_image":[{"width":1200,"height":1600,"url":"https:\/\/albal.es\/content-albal\/uploads\/2022\/11\/WhatsApp-Image-2022-11-02-at-13.28.43.jpeg","type":"image\/jpeg"}],"author":"Cristina Pomares Fern\u00e1ndez","twitter_card":"summary_large_image","twitter_misc":{"Escrito por":"Cristina Pomares Fern\u00e1ndez","Tiempo de lectura":"1 minuto","Written by":"Cristina Pomares Fern\u00e1ndez"},"schema":{"@context":"https:\/\/schema.org","@graph":[{"@type":"Article","@id":"https:\/\/albal.es\/es\/noticies\/los-festeros-y-festeras-de-santa-anna-renuevan-grupo-para-las-proximas-festividades-patronales\/#article","isPartOf":{"@id":"https:\/\/albal.es\/es\/noticies\/los-festeros-y-festeras-de-santa-anna-renuevan-grupo-para-las-proximas-festividades-patronales\/"},"author":{"name":"Cristina Pomares Fern\u00e1ndez","@id":"https:\/\/albal.es\/es\/#\/schema\/person\/ae29ef751fc57095742fd1bc34bd3e52"},"headline":"Los Festeros y Festeras de Santa Anna renuevan grupo para las pr\u00f3ximas festividades patronales","datePublished":"2022-11-02T16:07:46+00:00","mainEntityOfPage":{"@id":"https:\/\/albal.es\/es\/noticies\/los-festeros-y-festeras-de-santa-anna-renuevan-grupo-para-las-proximas-festividades-patronales\/"},"wordCount":176,"publisher":{"@id":"https:\/\/albal.es\/es\/#organization"},"image":{"@id":"https:\/\/albal.es\/es\/noticies\/los-festeros-y-festeras-de-santa-anna-renuevan-grupo-para-las-proximas-festividades-patronales\/#primaryimage"},"thumbnailUrl":"https:\/\/albal.es\/content-albal\/uploads\/2022\/11\/WhatsApp-Image-2022-11-02-at-13.28.43.jpeg","articleSection":["Fiestas"],"inLanguage":"es"},{"@type":"WebPage","@id":"https:\/\/albal.es\/es\/noticies\/los-festeros-y-festeras-de-santa-anna-renuevan-grupo-para-las-proximas-festividades-patronales\/","url":"https:\/\/albal.es\/es\/noticies\/los-festeros-y-festeras-de-santa-anna-renuevan-grupo-para-las-proximas-festividades-patronales\/","name":"Los Festeros y Festeras de Santa Anna renuevan grupo para las pr\u00f3ximas festividades patronales - Ajuntament d&#039;Albal","isPartOf":{"@id":"https:\/\/albal.es\/es\/#website"},"primaryImageOfPage":{"@id":"https:\/\/albal.es\/es\/noticies\/los-festeros-y-festeras-de-santa-anna-renuevan-grupo-para-las-proximas-festividades-patronales\/#primaryimage"},"image":{"@id":"https:\/\/albal.es\/es\/noticies\/los-festeros-y-festeras-de-santa-anna-renuevan-grupo-para-las-proximas-festividades-patronales\/#primaryimage"},"thumbnailUrl":"https:\/\/albal.es\/content-albal\/uploads\/2022\/11\/WhatsApp-Image-2022-11-02-at-13.28.43.jpeg","datePublished":"2022-11-02T16:07:46+00:00","breadcrumb":{"@id":"https:\/\/albal.es\/es\/noticies\/los-festeros-y-festeras-de-santa-anna-renuevan-grupo-para-las-proximas-festividades-patronales\/#breadcrumb"},"inLanguage":"es","potentialAction":[{"@type":"ReadAction","target":["https:\/\/albal.es\/es\/noticies\/los-festeros-y-festeras-de-santa-anna-renuevan-grupo-para-las-proximas-festividades-patronales\/"]}]},{"@type":"ImageObject","inLanguage":"es","@id":"https:\/\/albal.es\/es\/noticies\/los-festeros-y-festeras-de-santa-anna-renuevan-grupo-para-las-proximas-festividades-patronales\/#primaryimage","url":"https:\/\/albal.es\/content-albal\/uploads\/2022\/11\/WhatsApp-Image-2022-11-02-at-13.28.43.jpeg","contentUrl":"https:\/\/albal.es\/content-albal\/uploads\/2022\/11\/WhatsApp-Image-2022-11-02-at-13.28.43.jpeg","width":1200,"height":1600},{"@type":"BreadcrumbList","@id":"https:\/\/albal.es\/es\/noticies\/los-festeros-y-festeras-de-santa-anna-renuevan-grupo-para-las-proximas-festividades-patronales\/#breadcrumb","itemListElement":[{"@type":"ListItem","position":1,"name":"Inici","item":"https:\/\/albal.es\/es\/"},{"@type":"ListItem","position":2,"name":"Los Festeros y Festeras de Santa Anna renuevan grupo para las pr\u00f3ximas festividades patronales"}]},{"@type":"WebSite","@id":"https:\/\/albal.es\/es\/#website","url":"https:\/\/albal.es\/es\/","name":"Ajuntament d&#039;Albal","description":"Ajuntament d&#039;Albal","publisher":{"@id":"https:\/\/albal.es\/es\/#organization"},"potentialAction":[{"@type":"SearchAction","target":{"@type":"EntryPoint","urlTemplate":"https:\/\/albal.es\/es\/?s={search_term_string}"},"query-input":{"@type":"PropertyValueSpecification","valueRequired":true,"valueName":"search_term_string"}}],"inLanguage":"es"},{"@type":"Organization","@id":"https:\/\/albal.es\/es\/#organization","name":"Ajuntament d'Albal - Valencia","url":"https:\/\/albal.es\/es\/","logo":{"@type":"ImageObject","inLanguage":"es","@id":"https:\/\/albal.es\/es\/#\/schema\/logo\/image\/","url":"https:\/\/albal.es\/content-albal\/uploads\/2020\/06\/logo-ayuntamiento-albal.png","contentUrl":"https:\/\/albal.es\/content-albal\/uploads\/2020\/06\/logo-ayuntamiento-albal.png","width":367,"height":332,"caption":"Ajuntament d'Albal - Valencia"},"image":{"@id":"https:\/\/albal.es\/es\/#\/schema\/logo\/image\/"},"sameAs":["https:\/\/facebook.com\/AjuntamentAlbal\/"]},{"@type":"Person","@id":"https:\/\/albal.es\/es\/#\/schema\/person\/ae29ef751fc57095742fd1bc34bd3e52","name":"Cristina Pomares Fern\u00e1ndez"}]}},"publishpress_future_workflow_manual_trigger":{"enabledWorkflows":[]},"_links":{"self":[{"href":"https:\/\/albal.es\/es\/wp-json\/wp\/v2\/posts\/36973","targetHints":{"allow":["GET"]}}],"collection":[{"href":"https:\/\/albal.es\/es\/wp-json\/wp\/v2\/posts"}],"about":[{"href":"https:\/\/albal.es\/es\/wp-json\/wp\/v2\/types\/post"}],"author":[{"embeddable":true,"href":"https:\/\/albal.es\/es\/wp-json\/wp\/v2\/users\/31"}],"replies":[{"embeddable":true,"href":"https:\/\/albal.es\/es\/wp-json\/wp\/v2\/comments?post=36973"}],"version-history":[{"count":0,"href":"https:\/\/albal.es\/es\/wp-json\/wp\/v2\/posts\/36973\/revisions"}],"wp:featuredmedia":[{"embeddable":true,"href":"https:\/\/albal.es\/es\/wp-json\/wp\/v2\/media\/36971"}],"wp:attachment":[{"href":"https:\/\/albal.es\/es\/wp-json\/wp\/v2\/media?parent=36973"}],"wp:term":[{"taxonomy":"category","embeddable":true,"href":"https:\/\/albal.es\/es\/wp-json\/wp\/v2\/categories?post=36973"},{"taxonomy":"post_tag","embeddable":true,"href":"https:\/\/albal.es\/es\/wp-json\/wp\/v2\/tags?post=36973"},{"taxonomy":"author","embeddable":true,"href":"https:\/\/albal.es\/es\/wp-json\/wp\/v2\/coauthors?post=36973"}],"curies":[{"name":"wp","href":"https:\/\/api.w.org\/{rel}","templated":true}]}}