

{"id":34742,"date":"2022-09-21T16:23:22","date_gmt":"2022-09-21T14:23:22","guid":{"rendered":"https:\/\/albal.es\/noticies\/la-sociedad-juventud-musical-de-albal-tiene-la-junta-directiva-mas-joven-de-la-comunidad-valenciana\/"},"modified":"2022-09-21T16:28:44","modified_gmt":"2022-09-21T14:28:44","slug":"la-sociedad-juventud-musical-de-albal-tiene-la-junta-directiva-mas-joven-de-la-comunidad-valenciana","status":"publish","type":"post","link":"https:\/\/albal.es\/es\/noticies\/la-sociedad-juventud-musical-de-albal-tiene-la-junta-directiva-mas-joven-de-la-comunidad-valenciana\/","title":{"rendered":"La Sociedad Juventud Musical de Albal tiene la Junta Directiva m\u00e1s joven de la Comunidad Valenciana"},"content":{"rendered":"<p>El pasado viernes 29 de julio, la Sociedad Juventud Musical de Albal (SJMA) celebr\u00f3 una Asamblea General que marcar\u00eda otro hito importante para la historia de la entidad. A la sesi\u00f3n se votaba el relevo del cual hasta el momento era el presidente Toni Rein\u00f3n. La candidatura encabezada por su hijo, Dani Rein\u00f3n, obten\u00eda 90 votos, resultando elegido como nuevo presidente de la Directiva hasta el 2026.<\/p>\n<p>Se trata de un joven con 20 a\u00f1os que hace historia, junto con \u00e9l otros hombres y mujeres que no superan los 25 a\u00f1os, trabajar\u00e1n para continuar consolidando la SJMA, \u00abdesde una mirada moderna e integradora\u00bb, tal como explicaron en la recepci\u00f3n oficial celebrada al Ayuntamiento con el alcalde Ram\u00f3n Mar\u00ed y el regidor de Cultura, David Ram\u00f3n.<\/p>\n<p>La Junta Directiva cuenta entre sus miembros con j\u00f3venes m\u00fasicos que forman parte del colectivo desde peque\u00f1os: la vicepresidenta No\u00e8lia Mar\u00ed, el secretario David Sancho, el vicesecretario Carles Ricart, la tesorera Maria P\u00e9rez o los vocales Francisco Camacho, Gl\u00f2ria Atienza, Aida Domingo, Andrea Vidal y Borja Ruiz.<\/p>\n<p>Daniel Rein\u00f3n encara el reto con orgullo y la emoci\u00f3n de representar, \u00abla asociaci\u00f3n m\u00e1s grande y antigua del pueblo, una entidad referencial en la cultura que cuenta con 16 maestros y 120 alumnos\u00bb. La direcci\u00f3n art\u00edstica tambi\u00e9n sufre un cambio, el hist\u00f3rico Francisco Arnalte dice adi\u00f3s despu\u00e9s de 13 a\u00f1os al frente, \u00abha hecho un trabajo espectacular\u00bb, subraya el nuevo presidente quien informa del homenaje que le har\u00e1n en noviembre, enmarcado en los actos de la Festividad de Santa Cec\u00edlia. El relevo del director todav\u00eda no se conoce.<\/p>\n<p><strong>Una escuela de referencia en la Comunidad Valenciana, con tres nuevas especialidades<\/strong><\/p>\n<p>La nueva hoja de ruta marcada por la SJMA incluye tres ejes principales, un social, otro de ampliaci\u00f3n de los estudios musicales y aumentar las sinergias con la cultura y el asociacionismo local. \u00abQueremos estar m\u00e1s presentes en la agenda cultural y trabajar codo con codo con el consistorio desde el departamento de Cultura. Daremos impulso a nuevas especialidades: como la de disc-jockey, dol\u00e7aina o canto valenciano y, por \u00faltimo, estableceremos colaboraciones con agrupaciones como el Grupo de Danzas de Albal La Murta, Segon Temps Orquestra de Cambra de Albal o la Asociaci\u00f3n Cultural Andaluza\u00bb, explica Rein\u00f3n.<\/p>\n<p>Adem\u00e1s, durante su legislatura, la Sociedad Juventud Musical de Albal celebrar\u00e1 su 50 cumplea\u00f1os, una efem\u00e9ride que quieren celebrar como merece y que recordar\u00e1 a los fundadores de las cinco d\u00e9cadas, el primero fue Pepe Ram\u00edrez en 1976.<\/p>\n<p>Adem\u00e1s, tambi\u00e9n destacan que la pandemia, lejos de perjudicarlos los ha favorecido y que han aumentado el n\u00famero de alumnos en la Escuela Musical.<\/p>\n<p>Al tiempo, han agradecido la colaboraci\u00f3n del Ayuntamiento y la Diputaci\u00f3n de Val\u00e8ncia para modernizar sus recursos de ense\u00f1anza, que los ha permitido potenciar la digitalizaci\u00f3n y la presencia en las redes sociales, como por ejemplo Tik Tok.<\/p>\n","protected":false},"excerpt":{"rendered":"<p>El pasado viernes 29 de julio, la Sociedad Juventud Musical de Albal (SJMA) celebr\u00f3 una Asamblea General que marcar\u00eda otro hito importante para la historia de la entidad. A la sesi\u00f3n se votaba el relevo del cual hasta el momento era el presidente Toni Rein\u00f3n. La candidatura encabezada por su hijo, Dani Rein\u00f3n, obten\u00eda 90 [&hellip;]<\/p>\n","protected":false},"author":31,"featured_media":34740,"comment_status":"closed","ping_status":"closed","sticky":false,"template":"","format":"standard","meta":{"_acf_changed":false,"_et_pb_use_builder":"","_et_pb_old_content":"","_et_gb_content_width":"","footnotes":""},"categories":[12],"tags":[],"coauthors":[86],"class_list":["post-34742","post","type-post","status-publish","format-standard","has-post-thumbnail","hentry","category-noticias-cultura"],"acf":[],"yoast_head":"<!-- This site is optimized with the Yoast SEO plugin v27.4 - https:\/\/yoast.com\/product\/yoast-seo-wordpress\/ -->\n<title>La Sociedad Juventud Musical de Albal tiene la Junta Directiva m\u00e1s joven de la Comunidad Valenciana - Ajuntament d&#039;Albal<\/title>\n<meta name=\"robots\" content=\"index, follow, max-snippet:-1, max-image-preview:large, max-video-preview:-1\" \/>\n<link rel=\"canonical\" href=\"https:\/\/albal.es\/es\/noticies\/la-sociedad-juventud-musical-de-albal-tiene-la-junta-directiva-mas-joven-de-la-comunidad-valenciana\/\" \/>\n<meta property=\"og:locale\" content=\"es_ES\" \/>\n<meta property=\"og:type\" content=\"article\" \/>\n<meta property=\"og:title\" content=\"La Sociedad Juventud Musical de Albal tiene la Junta Directiva m\u00e1s joven de la Comunidad Valenciana - Ajuntament d&#039;Albal\" \/>\n<meta property=\"og:description\" content=\"El pasado viernes 29 de julio, la Sociedad Juventud Musical de Albal (SJMA) celebr\u00f3 una Asamblea General que marcar\u00eda otro hito importante para la historia de la entidad. A la sesi\u00f3n se votaba el relevo del cual hasta el momento era el presidente Toni Rein\u00f3n. La candidatura encabezada por su hijo, Dani Rein\u00f3n, obten\u00eda 90 [&hellip;]\" \/>\n<meta property=\"og:site_name\" content=\"Ajuntament d&#039;Albal\" \/>\n<meta property=\"article:publisher\" content=\"https:\/\/facebook.com\/AjuntamentAlbal\/\" \/>\n<meta property=\"article:published_time\" content=\"2022-09-21T14:23:22+00:00\" \/>\n<meta property=\"article:modified_time\" content=\"2022-09-21T14:28:44+00:00\" \/>\n<meta property=\"og:image\" content=\"https:\/\/albal.es\/content-albal\/uploads\/2022\/09\/4952a33a-9b27-4da0-a44a-4fac951bb43c.jpg\" \/>\n\t<meta property=\"og:image:width\" content=\"1600\" \/>\n\t<meta property=\"og:image:height\" content=\"1200\" \/>\n\t<meta property=\"og:image:type\" content=\"image\/jpeg\" \/>\n<meta name=\"author\" content=\"Cristina Pomares Fern\u00e1ndez\" \/>\n<meta name=\"twitter:card\" content=\"summary_large_image\" \/>\n<meta name=\"twitter:label1\" content=\"Escrito por\" \/>\n\t<meta name=\"twitter:data1\" content=\"Cristina Pomares Fern\u00e1ndez\" \/>\n\t<meta name=\"twitter:label2\" content=\"Tiempo de lectura\" \/>\n\t<meta name=\"twitter:data2\" content=\"3 minutos\" \/>\n\t<meta name=\"twitter:label3\" content=\"Written by\" \/>\n\t<meta name=\"twitter:data3\" content=\"Cristina Pomares Fern\u00e1ndez\" \/>\n<script type=\"application\/ld+json\" class=\"yoast-schema-graph\">{\"@context\":\"https:\\\/\\\/schema.org\",\"@graph\":[{\"@type\":\"Article\",\"@id\":\"https:\\\/\\\/albal.es\\\/es\\\/noticies\\\/la-sociedad-juventud-musical-de-albal-tiene-la-junta-directiva-mas-joven-de-la-comunidad-valenciana\\\/#article\",\"isPartOf\":{\"@id\":\"https:\\\/\\\/albal.es\\\/es\\\/noticies\\\/la-sociedad-juventud-musical-de-albal-tiene-la-junta-directiva-mas-joven-de-la-comunidad-valenciana\\\/\"},\"author\":{\"name\":\"Cristina Pomares Fern\u00e1ndez\",\"@id\":\"https:\\\/\\\/albal.es\\\/es\\\/#\\\/schema\\\/person\\\/ae29ef751fc57095742fd1bc34bd3e52\"},\"headline\":\"La Sociedad Juventud Musical de Albal tiene la Junta Directiva m\u00e1s joven de la Comunidad Valenciana\",\"datePublished\":\"2022-09-21T14:23:22+00:00\",\"dateModified\":\"2022-09-21T14:28:44+00:00\",\"mainEntityOfPage\":{\"@id\":\"https:\\\/\\\/albal.es\\\/es\\\/noticies\\\/la-sociedad-juventud-musical-de-albal-tiene-la-junta-directiva-mas-joven-de-la-comunidad-valenciana\\\/\"},\"wordCount\":526,\"publisher\":{\"@id\":\"https:\\\/\\\/albal.es\\\/es\\\/#organization\"},\"image\":{\"@id\":\"https:\\\/\\\/albal.es\\\/es\\\/noticies\\\/la-sociedad-juventud-musical-de-albal-tiene-la-junta-directiva-mas-joven-de-la-comunidad-valenciana\\\/#primaryimage\"},\"thumbnailUrl\":\"https:\\\/\\\/albal.es\\\/content-albal\\\/uploads\\\/2022\\\/09\\\/4952a33a-9b27-4da0-a44a-4fac951bb43c.jpg\",\"articleSection\":[\"Cultura\"],\"inLanguage\":\"es\"},{\"@type\":\"WebPage\",\"@id\":\"https:\\\/\\\/albal.es\\\/es\\\/noticies\\\/la-sociedad-juventud-musical-de-albal-tiene-la-junta-directiva-mas-joven-de-la-comunidad-valenciana\\\/\",\"url\":\"https:\\\/\\\/albal.es\\\/es\\\/noticies\\\/la-sociedad-juventud-musical-de-albal-tiene-la-junta-directiva-mas-joven-de-la-comunidad-valenciana\\\/\",\"name\":\"La Sociedad Juventud Musical de Albal tiene la Junta Directiva m\u00e1s joven de la Comunidad Valenciana - Ajuntament d&#039;Albal\",\"isPartOf\":{\"@id\":\"https:\\\/\\\/albal.es\\\/es\\\/#website\"},\"primaryImageOfPage\":{\"@id\":\"https:\\\/\\\/albal.es\\\/es\\\/noticies\\\/la-sociedad-juventud-musical-de-albal-tiene-la-junta-directiva-mas-joven-de-la-comunidad-valenciana\\\/#primaryimage\"},\"image\":{\"@id\":\"https:\\\/\\\/albal.es\\\/es\\\/noticies\\\/la-sociedad-juventud-musical-de-albal-tiene-la-junta-directiva-mas-joven-de-la-comunidad-valenciana\\\/#primaryimage\"},\"thumbnailUrl\":\"https:\\\/\\\/albal.es\\\/content-albal\\\/uploads\\\/2022\\\/09\\\/4952a33a-9b27-4da0-a44a-4fac951bb43c.jpg\",\"datePublished\":\"2022-09-21T14:23:22+00:00\",\"dateModified\":\"2022-09-21T14:28:44+00:00\",\"breadcrumb\":{\"@id\":\"https:\\\/\\\/albal.es\\\/es\\\/noticies\\\/la-sociedad-juventud-musical-de-albal-tiene-la-junta-directiva-mas-joven-de-la-comunidad-valenciana\\\/#breadcrumb\"},\"inLanguage\":\"es\",\"potentialAction\":[{\"@type\":\"ReadAction\",\"target\":[\"https:\\\/\\\/albal.es\\\/es\\\/noticies\\\/la-sociedad-juventud-musical-de-albal-tiene-la-junta-directiva-mas-joven-de-la-comunidad-valenciana\\\/\"]}]},{\"@type\":\"ImageObject\",\"inLanguage\":\"es\",\"@id\":\"https:\\\/\\\/albal.es\\\/es\\\/noticies\\\/la-sociedad-juventud-musical-de-albal-tiene-la-junta-directiva-mas-joven-de-la-comunidad-valenciana\\\/#primaryimage\",\"url\":\"https:\\\/\\\/albal.es\\\/content-albal\\\/uploads\\\/2022\\\/09\\\/4952a33a-9b27-4da0-a44a-4fac951bb43c.jpg\",\"contentUrl\":\"https:\\\/\\\/albal.es\\\/content-albal\\\/uploads\\\/2022\\\/09\\\/4952a33a-9b27-4da0-a44a-4fac951bb43c.jpg\",\"width\":1600,\"height\":1200},{\"@type\":\"BreadcrumbList\",\"@id\":\"https:\\\/\\\/albal.es\\\/es\\\/noticies\\\/la-sociedad-juventud-musical-de-albal-tiene-la-junta-directiva-mas-joven-de-la-comunidad-valenciana\\\/#breadcrumb\",\"itemListElement\":[{\"@type\":\"ListItem\",\"position\":1,\"name\":\"Inici\",\"item\":\"https:\\\/\\\/albal.es\\\/es\\\/\"},{\"@type\":\"ListItem\",\"position\":2,\"name\":\"La Sociedad Juventud Musical de Albal tiene la Junta Directiva m\u00e1s joven de la Comunidad Valenciana\"}]},{\"@type\":\"WebSite\",\"@id\":\"https:\\\/\\\/albal.es\\\/es\\\/#website\",\"url\":\"https:\\\/\\\/albal.es\\\/es\\\/\",\"name\":\"Ajuntament d&#039;Albal\",\"description\":\"Ajuntament d&#039;Albal\",\"publisher\":{\"@id\":\"https:\\\/\\\/albal.es\\\/es\\\/#organization\"},\"potentialAction\":[{\"@type\":\"SearchAction\",\"target\":{\"@type\":\"EntryPoint\",\"urlTemplate\":\"https:\\\/\\\/albal.es\\\/es\\\/?s={search_term_string}\"},\"query-input\":{\"@type\":\"PropertyValueSpecification\",\"valueRequired\":true,\"valueName\":\"search_term_string\"}}],\"inLanguage\":\"es\"},{\"@type\":\"Organization\",\"@id\":\"https:\\\/\\\/albal.es\\\/es\\\/#organization\",\"name\":\"Ajuntament d'Albal - Valencia\",\"url\":\"https:\\\/\\\/albal.es\\\/es\\\/\",\"logo\":{\"@type\":\"ImageObject\",\"inLanguage\":\"es\",\"@id\":\"https:\\\/\\\/albal.es\\\/es\\\/#\\\/schema\\\/logo\\\/image\\\/\",\"url\":\"https:\\\/\\\/albal.es\\\/content-albal\\\/uploads\\\/2020\\\/06\\\/logo-ayuntamiento-albal.png\",\"contentUrl\":\"https:\\\/\\\/albal.es\\\/content-albal\\\/uploads\\\/2020\\\/06\\\/logo-ayuntamiento-albal.png\",\"width\":367,\"height\":332,\"caption\":\"Ajuntament d'Albal - Valencia\"},\"image\":{\"@id\":\"https:\\\/\\\/albal.es\\\/es\\\/#\\\/schema\\\/logo\\\/image\\\/\"},\"sameAs\":[\"https:\\\/\\\/facebook.com\\\/AjuntamentAlbal\\\/\"]},{\"@type\":\"Person\",\"@id\":\"https:\\\/\\\/albal.es\\\/es\\\/#\\\/schema\\\/person\\\/ae29ef751fc57095742fd1bc34bd3e52\",\"name\":\"Cristina Pomares Fern\u00e1ndez\"}]}<\/script>\n<!-- \/ Yoast SEO plugin. -->","yoast_head_json":{"title":"La Sociedad Juventud Musical de Albal tiene la Junta Directiva m\u00e1s joven de la Comunidad Valenciana - Ajuntament d&#039;Albal","robots":{"index":"index","follow":"follow","max-snippet":"max-snippet:-1","max-image-preview":"max-image-preview:large","max-video-preview":"max-video-preview:-1"},"canonical":"https:\/\/albal.es\/es\/noticies\/la-sociedad-juventud-musical-de-albal-tiene-la-junta-directiva-mas-joven-de-la-comunidad-valenciana\/","og_locale":"es_ES","og_type":"article","og_title":"La Sociedad Juventud Musical de Albal tiene la Junta Directiva m\u00e1s joven de la Comunidad Valenciana - Ajuntament d&#039;Albal","og_description":"El pasado viernes 29 de julio, la Sociedad Juventud Musical de Albal (SJMA) celebr\u00f3 una Asamblea General que marcar\u00eda otro hito importante para la historia de la entidad. A la sesi\u00f3n se votaba el relevo del cual hasta el momento era el presidente Toni Rein\u00f3n. La candidatura encabezada por su hijo, Dani Rein\u00f3n, obten\u00eda 90 [&hellip;]","og_site_name":"Ajuntament d&#039;Albal","article_publisher":"https:\/\/facebook.com\/AjuntamentAlbal\/","article_published_time":"2022-09-21T14:23:22+00:00","article_modified_time":"2022-09-21T14:28:44+00:00","og_image":[{"width":1600,"height":1200,"url":"https:\/\/albal.es\/content-albal\/uploads\/2022\/09\/4952a33a-9b27-4da0-a44a-4fac951bb43c.jpg","type":"image\/jpeg"}],"author":"Cristina Pomares Fern\u00e1ndez","twitter_card":"summary_large_image","twitter_misc":{"Escrito por":"Cristina Pomares Fern\u00e1ndez","Tiempo de lectura":"3 minutos","Written by":"Cristina Pomares Fern\u00e1ndez"},"schema":{"@context":"https:\/\/schema.org","@graph":[{"@type":"Article","@id":"https:\/\/albal.es\/es\/noticies\/la-sociedad-juventud-musical-de-albal-tiene-la-junta-directiva-mas-joven-de-la-comunidad-valenciana\/#article","isPartOf":{"@id":"https:\/\/albal.es\/es\/noticies\/la-sociedad-juventud-musical-de-albal-tiene-la-junta-directiva-mas-joven-de-la-comunidad-valenciana\/"},"author":{"name":"Cristina Pomares Fern\u00e1ndez","@id":"https:\/\/albal.es\/es\/#\/schema\/person\/ae29ef751fc57095742fd1bc34bd3e52"},"headline":"La Sociedad Juventud Musical de Albal tiene la Junta Directiva m\u00e1s joven de la Comunidad Valenciana","datePublished":"2022-09-21T14:23:22+00:00","dateModified":"2022-09-21T14:28:44+00:00","mainEntityOfPage":{"@id":"https:\/\/albal.es\/es\/noticies\/la-sociedad-juventud-musical-de-albal-tiene-la-junta-directiva-mas-joven-de-la-comunidad-valenciana\/"},"wordCount":526,"publisher":{"@id":"https:\/\/albal.es\/es\/#organization"},"image":{"@id":"https:\/\/albal.es\/es\/noticies\/la-sociedad-juventud-musical-de-albal-tiene-la-junta-directiva-mas-joven-de-la-comunidad-valenciana\/#primaryimage"},"thumbnailUrl":"https:\/\/albal.es\/content-albal\/uploads\/2022\/09\/4952a33a-9b27-4da0-a44a-4fac951bb43c.jpg","articleSection":["Cultura"],"inLanguage":"es"},{"@type":"WebPage","@id":"https:\/\/albal.es\/es\/noticies\/la-sociedad-juventud-musical-de-albal-tiene-la-junta-directiva-mas-joven-de-la-comunidad-valenciana\/","url":"https:\/\/albal.es\/es\/noticies\/la-sociedad-juventud-musical-de-albal-tiene-la-junta-directiva-mas-joven-de-la-comunidad-valenciana\/","name":"La Sociedad Juventud Musical de Albal tiene la Junta Directiva m\u00e1s joven de la Comunidad Valenciana - Ajuntament d&#039;Albal","isPartOf":{"@id":"https:\/\/albal.es\/es\/#website"},"primaryImageOfPage":{"@id":"https:\/\/albal.es\/es\/noticies\/la-sociedad-juventud-musical-de-albal-tiene-la-junta-directiva-mas-joven-de-la-comunidad-valenciana\/#primaryimage"},"image":{"@id":"https:\/\/albal.es\/es\/noticies\/la-sociedad-juventud-musical-de-albal-tiene-la-junta-directiva-mas-joven-de-la-comunidad-valenciana\/#primaryimage"},"thumbnailUrl":"https:\/\/albal.es\/content-albal\/uploads\/2022\/09\/4952a33a-9b27-4da0-a44a-4fac951bb43c.jpg","datePublished":"2022-09-21T14:23:22+00:00","dateModified":"2022-09-21T14:28:44+00:00","breadcrumb":{"@id":"https:\/\/albal.es\/es\/noticies\/la-sociedad-juventud-musical-de-albal-tiene-la-junta-directiva-mas-joven-de-la-comunidad-valenciana\/#breadcrumb"},"inLanguage":"es","potentialAction":[{"@type":"ReadAction","target":["https:\/\/albal.es\/es\/noticies\/la-sociedad-juventud-musical-de-albal-tiene-la-junta-directiva-mas-joven-de-la-comunidad-valenciana\/"]}]},{"@type":"ImageObject","inLanguage":"es","@id":"https:\/\/albal.es\/es\/noticies\/la-sociedad-juventud-musical-de-albal-tiene-la-junta-directiva-mas-joven-de-la-comunidad-valenciana\/#primaryimage","url":"https:\/\/albal.es\/content-albal\/uploads\/2022\/09\/4952a33a-9b27-4da0-a44a-4fac951bb43c.jpg","contentUrl":"https:\/\/albal.es\/content-albal\/uploads\/2022\/09\/4952a33a-9b27-4da0-a44a-4fac951bb43c.jpg","width":1600,"height":1200},{"@type":"BreadcrumbList","@id":"https:\/\/albal.es\/es\/noticies\/la-sociedad-juventud-musical-de-albal-tiene-la-junta-directiva-mas-joven-de-la-comunidad-valenciana\/#breadcrumb","itemListElement":[{"@type":"ListItem","position":1,"name":"Inici","item":"https:\/\/albal.es\/es\/"},{"@type":"ListItem","position":2,"name":"La Sociedad Juventud Musical de Albal tiene la Junta Directiva m\u00e1s joven de la Comunidad Valenciana"}]},{"@type":"WebSite","@id":"https:\/\/albal.es\/es\/#website","url":"https:\/\/albal.es\/es\/","name":"Ajuntament d&#039;Albal","description":"Ajuntament d&#039;Albal","publisher":{"@id":"https:\/\/albal.es\/es\/#organization"},"potentialAction":[{"@type":"SearchAction","target":{"@type":"EntryPoint","urlTemplate":"https:\/\/albal.es\/es\/?s={search_term_string}"},"query-input":{"@type":"PropertyValueSpecification","valueRequired":true,"valueName":"search_term_string"}}],"inLanguage":"es"},{"@type":"Organization","@id":"https:\/\/albal.es\/es\/#organization","name":"Ajuntament d'Albal - Valencia","url":"https:\/\/albal.es\/es\/","logo":{"@type":"ImageObject","inLanguage":"es","@id":"https:\/\/albal.es\/es\/#\/schema\/logo\/image\/","url":"https:\/\/albal.es\/content-albal\/uploads\/2020\/06\/logo-ayuntamiento-albal.png","contentUrl":"https:\/\/albal.es\/content-albal\/uploads\/2020\/06\/logo-ayuntamiento-albal.png","width":367,"height":332,"caption":"Ajuntament d'Albal - Valencia"},"image":{"@id":"https:\/\/albal.es\/es\/#\/schema\/logo\/image\/"},"sameAs":["https:\/\/facebook.com\/AjuntamentAlbal\/"]},{"@type":"Person","@id":"https:\/\/albal.es\/es\/#\/schema\/person\/ae29ef751fc57095742fd1bc34bd3e52","name":"Cristina Pomares Fern\u00e1ndez"}]}},"publishpress_future_workflow_manual_trigger":{"enabledWorkflows":[]},"_links":{"self":[{"href":"https:\/\/albal.es\/es\/wp-json\/wp\/v2\/posts\/34742","targetHints":{"allow":["GET"]}}],"collection":[{"href":"https:\/\/albal.es\/es\/wp-json\/wp\/v2\/posts"}],"about":[{"href":"https:\/\/albal.es\/es\/wp-json\/wp\/v2\/types\/post"}],"author":[{"embeddable":true,"href":"https:\/\/albal.es\/es\/wp-json\/wp\/v2\/users\/31"}],"replies":[{"embeddable":true,"href":"https:\/\/albal.es\/es\/wp-json\/wp\/v2\/comments?post=34742"}],"version-history":[{"count":0,"href":"https:\/\/albal.es\/es\/wp-json\/wp\/v2\/posts\/34742\/revisions"}],"wp:featuredmedia":[{"embeddable":true,"href":"https:\/\/albal.es\/es\/wp-json\/wp\/v2\/media\/34740"}],"wp:attachment":[{"href":"https:\/\/albal.es\/es\/wp-json\/wp\/v2\/media?parent=34742"}],"wp:term":[{"taxonomy":"category","embeddable":true,"href":"https:\/\/albal.es\/es\/wp-json\/wp\/v2\/categories?post=34742"},{"taxonomy":"post_tag","embeddable":true,"href":"https:\/\/albal.es\/es\/wp-json\/wp\/v2\/tags?post=34742"},{"taxonomy":"author","embeddable":true,"href":"https:\/\/albal.es\/es\/wp-json\/wp\/v2\/coauthors?post=34742"}],"curies":[{"name":"wp","href":"https:\/\/api.w.org\/{rel}","templated":true}]}}