

{"id":31829,"date":"2022-07-26T16:48:07","date_gmt":"2022-07-26T14:48:07","guid":{"rendered":"https:\/\/albal.es\/noticies\/las-fallas-joventut-y-el-jardi-ganadoras-de-los-playbacks-2022-de-las-fiestas-patronales\/"},"modified":"2022-07-26T16:48:07","modified_gmt":"2022-07-26T14:48:07","slug":"las-fallas-joventut-y-el-jardi-ganadoras-de-los-playbacks-2022-de-las-fiestas-patronales","status":"publish","type":"post","link":"https:\/\/albal.es\/es\/noticies\/las-fallas-joventut-y-el-jardi-ganadoras-de-los-playbacks-2022-de-las-fiestas-patronales\/","title":{"rendered":"Las Fallas Joventut y El Jard\u00ed, ganadoras de los Playbacks 2022 de las Fiestas Patronales"},"content":{"rendered":"<p>Noche de espect\u00e1culo, emociones y m\u00fasica. La Junta Local Fallera de Albal, en colaboraci\u00f3n con el Ayuntamiento, organiz\u00f3 una nueva edici\u00f3n del Concurso de Playbacks en el cual participaron las siete comisiones del municipio, que demostraron su destreza encima del escenario.<\/p>\n<p>Encanto, Moulin Rogue, Aladdin e incluso un homenaje a la trayectoria de Mecano, fueron algunas de las propuestas que las Fallas de Albal presentaron a las miles de personas que llenaron la explanada del parque La Balaguera para presenciar las fant\u00e1sticas actuaciones que animaron la noche del lunes 25 de julio.<\/p>\n<p><img decoding=\"async\" class=\"alignnone wp-image-31826 size-large lazyload\" data-src=\"https:\/\/albal.es\/content-albal\/uploads\/2022\/07\/WhatsApp-Image-2022-07-26-at-10.43.46-AM-1-1024x682.jpeg\" alt=\"\" width=\"1024\" height=\"682\" data-srcset=\"https:\/\/albal.es\/content-albal\/uploads\/2022\/07\/WhatsApp-Image-2022-07-26-at-10.43.46-AM-1-980x653.jpeg 980w, https:\/\/albal.es\/content-albal\/uploads\/2022\/07\/WhatsApp-Image-2022-07-26-at-10.43.46-AM-1-480x320.jpeg 480w\" data-sizes=\"(min-width: 0px) and (max-width: 480px) 480px, (min-width: 481px) and (max-width: 980px) 980px, (min-width: 981px) 1024px, 100vw\" src=\"data:image\/svg+xml;base64,PHN2ZyB3aWR0aD0iMSIgaGVpZ2h0PSIxIiB4bWxucz0iaHR0cDovL3d3dy53My5vcmcvMjAwMC9zdmciPjwvc3ZnPg==\" style=\"--smush-placeholder-width: 1024px; --smush-placeholder-aspect-ratio: 1024\/682;\" \/><\/p>\n<p>Finalmente, fueron las actuaciones de la Falla El Jard\u00ed (categor\u00eda infantil) y la Falla Joventut (categor\u00eda adultos) las que deslumbraron al jurado, consiguiendo el primer premio en sus respectivas categor\u00edas.<\/p>\n","protected":false},"excerpt":{"rendered":"<p>Noche de espect\u00e1culo, emociones y m\u00fasica. La Junta Local Fallera de Albal, en colaboraci\u00f3n con el Ayuntamiento, organiz\u00f3 una nueva edici\u00f3n del Concurso de Playbacks en el cual participaron las siete comisiones del municipio, que demostraron su destreza encima del escenario. Encanto, Moulin Rogue, Aladdin e incluso un homenaje a la trayectoria de Mecano, fueron [&hellip;]<\/p>\n","protected":false},"author":31,"featured_media":31825,"comment_status":"closed","ping_status":"closed","sticky":false,"template":"","format":"standard","meta":{"_acf_changed":false,"_et_pb_use_builder":"","_et_pb_old_content":"","_et_gb_content_width":"","footnotes":""},"categories":[11],"tags":[],"coauthors":[86],"class_list":["post-31829","post","type-post","status-publish","format-standard","has-post-thumbnail","hentry","category-noticias-fiestas"],"acf":[],"yoast_head":"<!-- This site is optimized with the Yoast SEO plugin v27.4 - https:\/\/yoast.com\/product\/yoast-seo-wordpress\/ -->\n<title>Las Fallas Joventut y El Jard\u00ed, ganadoras de los Playbacks 2022 de las Fiestas Patronales - Ajuntament d&#039;Albal<\/title>\n<meta name=\"robots\" content=\"index, follow, max-snippet:-1, max-image-preview:large, max-video-preview:-1\" \/>\n<link rel=\"canonical\" href=\"https:\/\/albal.es\/es\/noticies\/las-fallas-joventut-y-el-jardi-ganadoras-de-los-playbacks-2022-de-las-fiestas-patronales\/\" \/>\n<meta property=\"og:locale\" content=\"es_ES\" \/>\n<meta property=\"og:type\" content=\"article\" \/>\n<meta property=\"og:title\" content=\"Las Fallas Joventut y El Jard\u00ed, ganadoras de los Playbacks 2022 de las Fiestas Patronales - Ajuntament d&#039;Albal\" \/>\n<meta property=\"og:description\" content=\"Noche de espect\u00e1culo, emociones y m\u00fasica. La Junta Local Fallera de Albal, en colaboraci\u00f3n con el Ayuntamiento, organiz\u00f3 una nueva edici\u00f3n del Concurso de Playbacks en el cual participaron las siete comisiones del municipio, que demostraron su destreza encima del escenario. Encanto, Moulin Rogue, Aladdin e incluso un homenaje a la trayectoria de Mecano, fueron [&hellip;]\" \/>\n<meta property=\"og:site_name\" content=\"Ajuntament d&#039;Albal\" \/>\n<meta property=\"article:publisher\" content=\"https:\/\/facebook.com\/AjuntamentAlbal\/\" \/>\n<meta property=\"article:published_time\" content=\"2022-07-26T14:48:07+00:00\" \/>\n<meta property=\"og:image\" content=\"https:\/\/albal.es\/content-albal\/uploads\/2022\/07\/WhatsApp-Image-2022-07-26-at-10.44.07-AM-1.jpeg\" \/>\n\t<meta property=\"og:image:width\" content=\"1600\" \/>\n\t<meta property=\"og:image:height\" content=\"1066\" \/>\n\t<meta property=\"og:image:type\" content=\"image\/jpeg\" \/>\n<meta name=\"author\" content=\"Cristina Pomares Fern\u00e1ndez\" \/>\n<meta name=\"twitter:card\" content=\"summary_large_image\" \/>\n<meta name=\"twitter:label1\" content=\"Escrito por\" \/>\n\t<meta name=\"twitter:data1\" content=\"Cristina Pomares Fern\u00e1ndez\" \/>\n\t<meta name=\"twitter:label2\" content=\"Tiempo de lectura\" \/>\n\t<meta name=\"twitter:data2\" content=\"1 minuto\" \/>\n\t<meta name=\"twitter:label3\" content=\"Written by\" \/>\n\t<meta name=\"twitter:data3\" content=\"Cristina Pomares Fern\u00e1ndez\" \/>\n<script type=\"application\/ld+json\" class=\"yoast-schema-graph\">{\"@context\":\"https:\\\/\\\/schema.org\",\"@graph\":[{\"@type\":\"Article\",\"@id\":\"https:\\\/\\\/albal.es\\\/es\\\/noticies\\\/las-fallas-joventut-y-el-jardi-ganadoras-de-los-playbacks-2022-de-las-fiestas-patronales\\\/#article\",\"isPartOf\":{\"@id\":\"https:\\\/\\\/albal.es\\\/es\\\/noticies\\\/las-fallas-joventut-y-el-jardi-ganadoras-de-los-playbacks-2022-de-las-fiestas-patronales\\\/\"},\"author\":{\"name\":\"Cristina Pomares Fern\u00e1ndez\",\"@id\":\"https:\\\/\\\/albal.es\\\/es\\\/#\\\/schema\\\/person\\\/ae29ef751fc57095742fd1bc34bd3e52\"},\"headline\":\"Las Fallas Joventut y El Jard\u00ed, ganadoras de los Playbacks 2022 de las Fiestas Patronales\",\"datePublished\":\"2022-07-26T14:48:07+00:00\",\"mainEntityOfPage\":{\"@id\":\"https:\\\/\\\/albal.es\\\/es\\\/noticies\\\/las-fallas-joventut-y-el-jardi-ganadoras-de-los-playbacks-2022-de-las-fiestas-patronales\\\/\"},\"wordCount\":143,\"publisher\":{\"@id\":\"https:\\\/\\\/albal.es\\\/es\\\/#organization\"},\"image\":{\"@id\":\"https:\\\/\\\/albal.es\\\/es\\\/noticies\\\/las-fallas-joventut-y-el-jardi-ganadoras-de-los-playbacks-2022-de-las-fiestas-patronales\\\/#primaryimage\"},\"thumbnailUrl\":\"https:\\\/\\\/albal.es\\\/content-albal\\\/uploads\\\/2022\\\/07\\\/WhatsApp-Image-2022-07-26-at-10.44.07-AM-1.jpeg\",\"articleSection\":[\"Fiestas\"],\"inLanguage\":\"es\"},{\"@type\":\"WebPage\",\"@id\":\"https:\\\/\\\/albal.es\\\/es\\\/noticies\\\/las-fallas-joventut-y-el-jardi-ganadoras-de-los-playbacks-2022-de-las-fiestas-patronales\\\/\",\"url\":\"https:\\\/\\\/albal.es\\\/es\\\/noticies\\\/las-fallas-joventut-y-el-jardi-ganadoras-de-los-playbacks-2022-de-las-fiestas-patronales\\\/\",\"name\":\"Las Fallas Joventut y El Jard\u00ed, ganadoras de los Playbacks 2022 de las Fiestas Patronales - Ajuntament d&#039;Albal\",\"isPartOf\":{\"@id\":\"https:\\\/\\\/albal.es\\\/es\\\/#website\"},\"primaryImageOfPage\":{\"@id\":\"https:\\\/\\\/albal.es\\\/es\\\/noticies\\\/las-fallas-joventut-y-el-jardi-ganadoras-de-los-playbacks-2022-de-las-fiestas-patronales\\\/#primaryimage\"},\"image\":{\"@id\":\"https:\\\/\\\/albal.es\\\/es\\\/noticies\\\/las-fallas-joventut-y-el-jardi-ganadoras-de-los-playbacks-2022-de-las-fiestas-patronales\\\/#primaryimage\"},\"thumbnailUrl\":\"https:\\\/\\\/albal.es\\\/content-albal\\\/uploads\\\/2022\\\/07\\\/WhatsApp-Image-2022-07-26-at-10.44.07-AM-1.jpeg\",\"datePublished\":\"2022-07-26T14:48:07+00:00\",\"breadcrumb\":{\"@id\":\"https:\\\/\\\/albal.es\\\/es\\\/noticies\\\/las-fallas-joventut-y-el-jardi-ganadoras-de-los-playbacks-2022-de-las-fiestas-patronales\\\/#breadcrumb\"},\"inLanguage\":\"es\",\"potentialAction\":[{\"@type\":\"ReadAction\",\"target\":[\"https:\\\/\\\/albal.es\\\/es\\\/noticies\\\/las-fallas-joventut-y-el-jardi-ganadoras-de-los-playbacks-2022-de-las-fiestas-patronales\\\/\"]}]},{\"@type\":\"ImageObject\",\"inLanguage\":\"es\",\"@id\":\"https:\\\/\\\/albal.es\\\/es\\\/noticies\\\/las-fallas-joventut-y-el-jardi-ganadoras-de-los-playbacks-2022-de-las-fiestas-patronales\\\/#primaryimage\",\"url\":\"https:\\\/\\\/albal.es\\\/content-albal\\\/uploads\\\/2022\\\/07\\\/WhatsApp-Image-2022-07-26-at-10.44.07-AM-1.jpeg\",\"contentUrl\":\"https:\\\/\\\/albal.es\\\/content-albal\\\/uploads\\\/2022\\\/07\\\/WhatsApp-Image-2022-07-26-at-10.44.07-AM-1.jpeg\",\"width\":1600,\"height\":1066},{\"@type\":\"BreadcrumbList\",\"@id\":\"https:\\\/\\\/albal.es\\\/es\\\/noticies\\\/las-fallas-joventut-y-el-jardi-ganadoras-de-los-playbacks-2022-de-las-fiestas-patronales\\\/#breadcrumb\",\"itemListElement\":[{\"@type\":\"ListItem\",\"position\":1,\"name\":\"Inici\",\"item\":\"https:\\\/\\\/albal.es\\\/es\\\/\"},{\"@type\":\"ListItem\",\"position\":2,\"name\":\"Las Fallas Joventut y El Jard\u00ed, ganadoras de los Playbacks 2022 de las Fiestas Patronales\"}]},{\"@type\":\"WebSite\",\"@id\":\"https:\\\/\\\/albal.es\\\/es\\\/#website\",\"url\":\"https:\\\/\\\/albal.es\\\/es\\\/\",\"name\":\"Ajuntament d&#039;Albal\",\"description\":\"Ajuntament d&#039;Albal\",\"publisher\":{\"@id\":\"https:\\\/\\\/albal.es\\\/es\\\/#organization\"},\"potentialAction\":[{\"@type\":\"SearchAction\",\"target\":{\"@type\":\"EntryPoint\",\"urlTemplate\":\"https:\\\/\\\/albal.es\\\/es\\\/?s={search_term_string}\"},\"query-input\":{\"@type\":\"PropertyValueSpecification\",\"valueRequired\":true,\"valueName\":\"search_term_string\"}}],\"inLanguage\":\"es\"},{\"@type\":\"Organization\",\"@id\":\"https:\\\/\\\/albal.es\\\/es\\\/#organization\",\"name\":\"Ajuntament d'Albal - Valencia\",\"url\":\"https:\\\/\\\/albal.es\\\/es\\\/\",\"logo\":{\"@type\":\"ImageObject\",\"inLanguage\":\"es\",\"@id\":\"https:\\\/\\\/albal.es\\\/es\\\/#\\\/schema\\\/logo\\\/image\\\/\",\"url\":\"https:\\\/\\\/albal.es\\\/content-albal\\\/uploads\\\/2020\\\/06\\\/logo-ayuntamiento-albal.png\",\"contentUrl\":\"https:\\\/\\\/albal.es\\\/content-albal\\\/uploads\\\/2020\\\/06\\\/logo-ayuntamiento-albal.png\",\"width\":367,\"height\":332,\"caption\":\"Ajuntament d'Albal - Valencia\"},\"image\":{\"@id\":\"https:\\\/\\\/albal.es\\\/es\\\/#\\\/schema\\\/logo\\\/image\\\/\"},\"sameAs\":[\"https:\\\/\\\/facebook.com\\\/AjuntamentAlbal\\\/\"]},{\"@type\":\"Person\",\"@id\":\"https:\\\/\\\/albal.es\\\/es\\\/#\\\/schema\\\/person\\\/ae29ef751fc57095742fd1bc34bd3e52\",\"name\":\"Cristina Pomares Fern\u00e1ndez\"}]}<\/script>\n<!-- \/ Yoast SEO plugin. -->","yoast_head_json":{"title":"Las Fallas Joventut y El Jard\u00ed, ganadoras de los Playbacks 2022 de las Fiestas Patronales - Ajuntament d&#039;Albal","robots":{"index":"index","follow":"follow","max-snippet":"max-snippet:-1","max-image-preview":"max-image-preview:large","max-video-preview":"max-video-preview:-1"},"canonical":"https:\/\/albal.es\/es\/noticies\/las-fallas-joventut-y-el-jardi-ganadoras-de-los-playbacks-2022-de-las-fiestas-patronales\/","og_locale":"es_ES","og_type":"article","og_title":"Las Fallas Joventut y El Jard\u00ed, ganadoras de los Playbacks 2022 de las Fiestas Patronales - Ajuntament d&#039;Albal","og_description":"Noche de espect\u00e1culo, emociones y m\u00fasica. La Junta Local Fallera de Albal, en colaboraci\u00f3n con el Ayuntamiento, organiz\u00f3 una nueva edici\u00f3n del Concurso de Playbacks en el cual participaron las siete comisiones del municipio, que demostraron su destreza encima del escenario. Encanto, Moulin Rogue, Aladdin e incluso un homenaje a la trayectoria de Mecano, fueron [&hellip;]","og_site_name":"Ajuntament d&#039;Albal","article_publisher":"https:\/\/facebook.com\/AjuntamentAlbal\/","article_published_time":"2022-07-26T14:48:07+00:00","og_image":[{"width":1600,"height":1066,"url":"https:\/\/albal.es\/content-albal\/uploads\/2022\/07\/WhatsApp-Image-2022-07-26-at-10.44.07-AM-1.jpeg","type":"image\/jpeg"}],"author":"Cristina Pomares Fern\u00e1ndez","twitter_card":"summary_large_image","twitter_misc":{"Escrito por":"Cristina Pomares Fern\u00e1ndez","Tiempo de lectura":"1 minuto","Written by":"Cristina Pomares Fern\u00e1ndez"},"schema":{"@context":"https:\/\/schema.org","@graph":[{"@type":"Article","@id":"https:\/\/albal.es\/es\/noticies\/las-fallas-joventut-y-el-jardi-ganadoras-de-los-playbacks-2022-de-las-fiestas-patronales\/#article","isPartOf":{"@id":"https:\/\/albal.es\/es\/noticies\/las-fallas-joventut-y-el-jardi-ganadoras-de-los-playbacks-2022-de-las-fiestas-patronales\/"},"author":{"name":"Cristina Pomares Fern\u00e1ndez","@id":"https:\/\/albal.es\/es\/#\/schema\/person\/ae29ef751fc57095742fd1bc34bd3e52"},"headline":"Las Fallas Joventut y El Jard\u00ed, ganadoras de los Playbacks 2022 de las Fiestas Patronales","datePublished":"2022-07-26T14:48:07+00:00","mainEntityOfPage":{"@id":"https:\/\/albal.es\/es\/noticies\/las-fallas-joventut-y-el-jardi-ganadoras-de-los-playbacks-2022-de-las-fiestas-patronales\/"},"wordCount":143,"publisher":{"@id":"https:\/\/albal.es\/es\/#organization"},"image":{"@id":"https:\/\/albal.es\/es\/noticies\/las-fallas-joventut-y-el-jardi-ganadoras-de-los-playbacks-2022-de-las-fiestas-patronales\/#primaryimage"},"thumbnailUrl":"https:\/\/albal.es\/content-albal\/uploads\/2022\/07\/WhatsApp-Image-2022-07-26-at-10.44.07-AM-1.jpeg","articleSection":["Fiestas"],"inLanguage":"es"},{"@type":"WebPage","@id":"https:\/\/albal.es\/es\/noticies\/las-fallas-joventut-y-el-jardi-ganadoras-de-los-playbacks-2022-de-las-fiestas-patronales\/","url":"https:\/\/albal.es\/es\/noticies\/las-fallas-joventut-y-el-jardi-ganadoras-de-los-playbacks-2022-de-las-fiestas-patronales\/","name":"Las Fallas Joventut y El Jard\u00ed, ganadoras de los Playbacks 2022 de las Fiestas Patronales - Ajuntament d&#039;Albal","isPartOf":{"@id":"https:\/\/albal.es\/es\/#website"},"primaryImageOfPage":{"@id":"https:\/\/albal.es\/es\/noticies\/las-fallas-joventut-y-el-jardi-ganadoras-de-los-playbacks-2022-de-las-fiestas-patronales\/#primaryimage"},"image":{"@id":"https:\/\/albal.es\/es\/noticies\/las-fallas-joventut-y-el-jardi-ganadoras-de-los-playbacks-2022-de-las-fiestas-patronales\/#primaryimage"},"thumbnailUrl":"https:\/\/albal.es\/content-albal\/uploads\/2022\/07\/WhatsApp-Image-2022-07-26-at-10.44.07-AM-1.jpeg","datePublished":"2022-07-26T14:48:07+00:00","breadcrumb":{"@id":"https:\/\/albal.es\/es\/noticies\/las-fallas-joventut-y-el-jardi-ganadoras-de-los-playbacks-2022-de-las-fiestas-patronales\/#breadcrumb"},"inLanguage":"es","potentialAction":[{"@type":"ReadAction","target":["https:\/\/albal.es\/es\/noticies\/las-fallas-joventut-y-el-jardi-ganadoras-de-los-playbacks-2022-de-las-fiestas-patronales\/"]}]},{"@type":"ImageObject","inLanguage":"es","@id":"https:\/\/albal.es\/es\/noticies\/las-fallas-joventut-y-el-jardi-ganadoras-de-los-playbacks-2022-de-las-fiestas-patronales\/#primaryimage","url":"https:\/\/albal.es\/content-albal\/uploads\/2022\/07\/WhatsApp-Image-2022-07-26-at-10.44.07-AM-1.jpeg","contentUrl":"https:\/\/albal.es\/content-albal\/uploads\/2022\/07\/WhatsApp-Image-2022-07-26-at-10.44.07-AM-1.jpeg","width":1600,"height":1066},{"@type":"BreadcrumbList","@id":"https:\/\/albal.es\/es\/noticies\/las-fallas-joventut-y-el-jardi-ganadoras-de-los-playbacks-2022-de-las-fiestas-patronales\/#breadcrumb","itemListElement":[{"@type":"ListItem","position":1,"name":"Inici","item":"https:\/\/albal.es\/es\/"},{"@type":"ListItem","position":2,"name":"Las Fallas Joventut y El Jard\u00ed, ganadoras de los Playbacks 2022 de las Fiestas Patronales"}]},{"@type":"WebSite","@id":"https:\/\/albal.es\/es\/#website","url":"https:\/\/albal.es\/es\/","name":"Ajuntament d&#039;Albal","description":"Ajuntament d&#039;Albal","publisher":{"@id":"https:\/\/albal.es\/es\/#organization"},"potentialAction":[{"@type":"SearchAction","target":{"@type":"EntryPoint","urlTemplate":"https:\/\/albal.es\/es\/?s={search_term_string}"},"query-input":{"@type":"PropertyValueSpecification","valueRequired":true,"valueName":"search_term_string"}}],"inLanguage":"es"},{"@type":"Organization","@id":"https:\/\/albal.es\/es\/#organization","name":"Ajuntament d'Albal - Valencia","url":"https:\/\/albal.es\/es\/","logo":{"@type":"ImageObject","inLanguage":"es","@id":"https:\/\/albal.es\/es\/#\/schema\/logo\/image\/","url":"https:\/\/albal.es\/content-albal\/uploads\/2020\/06\/logo-ayuntamiento-albal.png","contentUrl":"https:\/\/albal.es\/content-albal\/uploads\/2020\/06\/logo-ayuntamiento-albal.png","width":367,"height":332,"caption":"Ajuntament d'Albal - Valencia"},"image":{"@id":"https:\/\/albal.es\/es\/#\/schema\/logo\/image\/"},"sameAs":["https:\/\/facebook.com\/AjuntamentAlbal\/"]},{"@type":"Person","@id":"https:\/\/albal.es\/es\/#\/schema\/person\/ae29ef751fc57095742fd1bc34bd3e52","name":"Cristina Pomares Fern\u00e1ndez"}]}},"publishpress_future_workflow_manual_trigger":{"enabledWorkflows":[]},"_links":{"self":[{"href":"https:\/\/albal.es\/es\/wp-json\/wp\/v2\/posts\/31829","targetHints":{"allow":["GET"]}}],"collection":[{"href":"https:\/\/albal.es\/es\/wp-json\/wp\/v2\/posts"}],"about":[{"href":"https:\/\/albal.es\/es\/wp-json\/wp\/v2\/types\/post"}],"author":[{"embeddable":true,"href":"https:\/\/albal.es\/es\/wp-json\/wp\/v2\/users\/31"}],"replies":[{"embeddable":true,"href":"https:\/\/albal.es\/es\/wp-json\/wp\/v2\/comments?post=31829"}],"version-history":[{"count":0,"href":"https:\/\/albal.es\/es\/wp-json\/wp\/v2\/posts\/31829\/revisions"}],"wp:featuredmedia":[{"embeddable":true,"href":"https:\/\/albal.es\/es\/wp-json\/wp\/v2\/media\/31825"}],"wp:attachment":[{"href":"https:\/\/albal.es\/es\/wp-json\/wp\/v2\/media?parent=31829"}],"wp:term":[{"taxonomy":"category","embeddable":true,"href":"https:\/\/albal.es\/es\/wp-json\/wp\/v2\/categories?post=31829"},{"taxonomy":"post_tag","embeddable":true,"href":"https:\/\/albal.es\/es\/wp-json\/wp\/v2\/tags?post=31829"},{"taxonomy":"author","embeddable":true,"href":"https:\/\/albal.es\/es\/wp-json\/wp\/v2\/coauthors?post=31829"}],"curies":[{"name":"wp","href":"https:\/\/api.w.org\/{rel}","templated":true}]}}