

{"id":31664,"date":"2022-07-21T13:56:06","date_gmt":"2022-07-21T11:56:06","guid":{"rendered":"https:\/\/albal.es\/noticies\/la-albalense-marisa-rico-orero-se-embarca-en-una-nueva-experiencia-academica-el-proyecto-vuelta-al-mundo\/"},"modified":"2022-07-21T13:56:06","modified_gmt":"2022-07-21T11:56:06","slug":"la-albalense-marisa-rico-orero-se-embarca-en-una-nueva-experiencia-academica-el-proyecto-vuelta-al-mundo","status":"publish","type":"post","link":"https:\/\/albal.es\/es\/noticies\/la-albalense-marisa-rico-orero-se-embarca-en-una-nueva-experiencia-academica-el-proyecto-vuelta-al-mundo\/","title":{"rendered":"La albalense Marisa Rico Orero se embarca en una nueva experiencia acad\u00e9mica: el proyecto Vuelta al Mundo"},"content":{"rendered":"<p>El pasado a\u00f1o, la joven Marisa Rico Orero ya fue noticia en los medios de comunicaci\u00f3n valencianos tras recibir la Beca Europa a la excelencia acad\u00e9mica.<\/p>\n<p>Dedicada desde su infancia a su formaci\u00f3n acad\u00e9mica, con gran dedicaci\u00f3n al aprendizaje y la adquisici\u00f3n de conocimientos con gran proyecci\u00f3n social, la albalense fue una de las beneficiarias de este importante reconocimiento que le ofreci\u00f3 la posibilidad de visitar las universidades m\u00e1s prestigiosas de Europa.<\/p>\n<p>Un a\u00f1o m\u00e1s tarde, Marisa est\u00e1 a punto de adentrarse en una nueva experiencia que la llevar\u00e1 a conocer diversos puntos de Espa\u00f1a y Portugal en conmemoraci\u00f3n del quinto centenario de la primera vuelta al mundo realizada por Fernando de Magallanes y Juan Sebast\u00edan Elcano.<\/p>\n<p>Se trata del proyecto Vuelta al Mundo impulsado por expertos y universidades con amplia experiencia en actividades similares junto a la colaboraci\u00f3n de diversas instituciones como la Universidad Aut\u00f3noma de Madrid y que ha reunido a m\u00e1s de 30 j\u00f3venes como Marisa \u2014quien representar\u00e1 a la Comunidad Valenciana en esta peripecia.<\/p>\n<p>El jueves 21 de julio se inicia la primera edici\u00f3n de esta iniciativa, que pasar\u00e1 por ciudades como Madrid, Valladolid, San Sebasti\u00e1n, Oporto o Sabrosa, hasta el 12 de agosto. Un total de 21 d\u00edas de viaje con el que se pretende que los j\u00f3venes apliquen gracias a esta aventura &#8216;la cultura, solidaridad y el equilibrio natural como una semilla para su desarrollo profesional&#8217;.<\/p>\n","protected":false},"excerpt":{"rendered":"<p>El pasado a\u00f1o, la joven Marisa Rico Orero ya fue noticia en los medios de comunicaci\u00f3n valencianos tras recibir la Beca Europa a la excelencia acad\u00e9mica. Dedicada desde su infancia a su formaci\u00f3n acad\u00e9mica, con gran dedicaci\u00f3n al aprendizaje y la adquisici\u00f3n de conocimientos con gran proyecci\u00f3n social, la albalense fue una de las beneficiarias [&hellip;]<\/p>\n","protected":false},"author":31,"featured_media":31662,"comment_status":"closed","ping_status":"closed","sticky":false,"template":"","format":"standard","meta":{"_acf_changed":false,"_et_pb_use_builder":"","_et_pb_old_content":"","_et_gb_content_width":"","footnotes":""},"categories":[13],"tags":[],"coauthors":[86],"class_list":["post-31664","post","type-post","status-publish","format-standard","has-post-thumbnail","hentry","category-noticias-educacion"],"acf":[],"yoast_head":"<!-- This site is optimized with the Yoast SEO plugin v27.4 - https:\/\/yoast.com\/product\/yoast-seo-wordpress\/ -->\n<title>La albalense Marisa Rico Orero se embarca en una nueva experiencia acad\u00e9mica: el proyecto Vuelta al Mundo - Ajuntament d&#039;Albal<\/title>\n<meta name=\"robots\" content=\"index, follow, max-snippet:-1, max-image-preview:large, max-video-preview:-1\" \/>\n<link rel=\"canonical\" href=\"https:\/\/albal.es\/es\/noticies\/la-albalense-marisa-rico-orero-se-embarca-en-una-nueva-experiencia-academica-el-proyecto-vuelta-al-mundo\/\" \/>\n<meta property=\"og:locale\" content=\"es_ES\" \/>\n<meta property=\"og:type\" content=\"article\" \/>\n<meta property=\"og:title\" content=\"La albalense Marisa Rico Orero se embarca en una nueva experiencia acad\u00e9mica: el proyecto Vuelta al Mundo - Ajuntament d&#039;Albal\" \/>\n<meta property=\"og:description\" content=\"El pasado a\u00f1o, la joven Marisa Rico Orero ya fue noticia en los medios de comunicaci\u00f3n valencianos tras recibir la Beca Europa a la excelencia acad\u00e9mica. Dedicada desde su infancia a su formaci\u00f3n acad\u00e9mica, con gran dedicaci\u00f3n al aprendizaje y la adquisici\u00f3n de conocimientos con gran proyecci\u00f3n social, la albalense fue una de las beneficiarias [&hellip;]\" \/>\n<meta property=\"og:site_name\" content=\"Ajuntament d&#039;Albal\" \/>\n<meta property=\"article:publisher\" content=\"https:\/\/facebook.com\/AjuntamentAlbal\/\" \/>\n<meta property=\"article:published_time\" content=\"2022-07-21T11:56:06+00:00\" \/>\n<meta property=\"og:image\" content=\"https:\/\/albal.es\/content-albal\/uploads\/2022\/07\/294770076_3255303141406805_5564667530739485448_n.jpg\" \/>\n\t<meta property=\"og:image:width\" content=\"1066\" \/>\n\t<meta property=\"og:image:height\" content=\"1100\" \/>\n\t<meta property=\"og:image:type\" content=\"image\/jpeg\" \/>\n<meta name=\"author\" content=\"Cristina Pomares Fern\u00e1ndez\" \/>\n<meta name=\"twitter:card\" content=\"summary_large_image\" \/>\n<meta name=\"twitter:label1\" content=\"Escrito por\" \/>\n\t<meta name=\"twitter:data1\" content=\"Cristina Pomares Fern\u00e1ndez\" \/>\n\t<meta name=\"twitter:label2\" content=\"Tiempo de lectura\" \/>\n\t<meta name=\"twitter:data2\" content=\"1 minuto\" \/>\n\t<meta name=\"twitter:label3\" content=\"Written by\" \/>\n\t<meta name=\"twitter:data3\" content=\"Cristina Pomares Fern\u00e1ndez\" \/>\n<script type=\"application\/ld+json\" class=\"yoast-schema-graph\">{\"@context\":\"https:\\\/\\\/schema.org\",\"@graph\":[{\"@type\":\"Article\",\"@id\":\"https:\\\/\\\/albal.es\\\/es\\\/noticies\\\/la-albalense-marisa-rico-orero-se-embarca-en-una-nueva-experiencia-academica-el-proyecto-vuelta-al-mundo\\\/#article\",\"isPartOf\":{\"@id\":\"https:\\\/\\\/albal.es\\\/es\\\/noticies\\\/la-albalense-marisa-rico-orero-se-embarca-en-una-nueva-experiencia-academica-el-proyecto-vuelta-al-mundo\\\/\"},\"author\":{\"name\":\"Cristina Pomares Fern\u00e1ndez\",\"@id\":\"https:\\\/\\\/albal.es\\\/es\\\/#\\\/schema\\\/person\\\/ae29ef751fc57095742fd1bc34bd3e52\"},\"headline\":\"La albalense Marisa Rico Orero se embarca en una nueva experiencia acad\u00e9mica: el proyecto Vuelta al Mundo\",\"datePublished\":\"2022-07-21T11:56:06+00:00\",\"mainEntityOfPage\":{\"@id\":\"https:\\\/\\\/albal.es\\\/es\\\/noticies\\\/la-albalense-marisa-rico-orero-se-embarca-en-una-nueva-experiencia-academica-el-proyecto-vuelta-al-mundo\\\/\"},\"wordCount\":268,\"publisher\":{\"@id\":\"https:\\\/\\\/albal.es\\\/es\\\/#organization\"},\"image\":{\"@id\":\"https:\\\/\\\/albal.es\\\/es\\\/noticies\\\/la-albalense-marisa-rico-orero-se-embarca-en-una-nueva-experiencia-academica-el-proyecto-vuelta-al-mundo\\\/#primaryimage\"},\"thumbnailUrl\":\"https:\\\/\\\/albal.es\\\/content-albal\\\/uploads\\\/2022\\\/07\\\/294770076_3255303141406805_5564667530739485448_n.jpg\",\"articleSection\":[\"Educaci\u00f3n\"],\"inLanguage\":\"es\"},{\"@type\":\"WebPage\",\"@id\":\"https:\\\/\\\/albal.es\\\/es\\\/noticies\\\/la-albalense-marisa-rico-orero-se-embarca-en-una-nueva-experiencia-academica-el-proyecto-vuelta-al-mundo\\\/\",\"url\":\"https:\\\/\\\/albal.es\\\/es\\\/noticies\\\/la-albalense-marisa-rico-orero-se-embarca-en-una-nueva-experiencia-academica-el-proyecto-vuelta-al-mundo\\\/\",\"name\":\"La albalense Marisa Rico Orero se embarca en una nueva experiencia acad\u00e9mica: el proyecto Vuelta al Mundo - Ajuntament d&#039;Albal\",\"isPartOf\":{\"@id\":\"https:\\\/\\\/albal.es\\\/es\\\/#website\"},\"primaryImageOfPage\":{\"@id\":\"https:\\\/\\\/albal.es\\\/es\\\/noticies\\\/la-albalense-marisa-rico-orero-se-embarca-en-una-nueva-experiencia-academica-el-proyecto-vuelta-al-mundo\\\/#primaryimage\"},\"image\":{\"@id\":\"https:\\\/\\\/albal.es\\\/es\\\/noticies\\\/la-albalense-marisa-rico-orero-se-embarca-en-una-nueva-experiencia-academica-el-proyecto-vuelta-al-mundo\\\/#primaryimage\"},\"thumbnailUrl\":\"https:\\\/\\\/albal.es\\\/content-albal\\\/uploads\\\/2022\\\/07\\\/294770076_3255303141406805_5564667530739485448_n.jpg\",\"datePublished\":\"2022-07-21T11:56:06+00:00\",\"breadcrumb\":{\"@id\":\"https:\\\/\\\/albal.es\\\/es\\\/noticies\\\/la-albalense-marisa-rico-orero-se-embarca-en-una-nueva-experiencia-academica-el-proyecto-vuelta-al-mundo\\\/#breadcrumb\"},\"inLanguage\":\"es\",\"potentialAction\":[{\"@type\":\"ReadAction\",\"target\":[\"https:\\\/\\\/albal.es\\\/es\\\/noticies\\\/la-albalense-marisa-rico-orero-se-embarca-en-una-nueva-experiencia-academica-el-proyecto-vuelta-al-mundo\\\/\"]}]},{\"@type\":\"ImageObject\",\"inLanguage\":\"es\",\"@id\":\"https:\\\/\\\/albal.es\\\/es\\\/noticies\\\/la-albalense-marisa-rico-orero-se-embarca-en-una-nueva-experiencia-academica-el-proyecto-vuelta-al-mundo\\\/#primaryimage\",\"url\":\"https:\\\/\\\/albal.es\\\/content-albal\\\/uploads\\\/2022\\\/07\\\/294770076_3255303141406805_5564667530739485448_n.jpg\",\"contentUrl\":\"https:\\\/\\\/albal.es\\\/content-albal\\\/uploads\\\/2022\\\/07\\\/294770076_3255303141406805_5564667530739485448_n.jpg\",\"width\":1066,\"height\":1100},{\"@type\":\"BreadcrumbList\",\"@id\":\"https:\\\/\\\/albal.es\\\/es\\\/noticies\\\/la-albalense-marisa-rico-orero-se-embarca-en-una-nueva-experiencia-academica-el-proyecto-vuelta-al-mundo\\\/#breadcrumb\",\"itemListElement\":[{\"@type\":\"ListItem\",\"position\":1,\"name\":\"Inici\",\"item\":\"https:\\\/\\\/albal.es\\\/es\\\/\"},{\"@type\":\"ListItem\",\"position\":2,\"name\":\"La albalense Marisa Rico Orero se embarca en una nueva experiencia acad\u00e9mica: el proyecto Vuelta al Mundo\"}]},{\"@type\":\"WebSite\",\"@id\":\"https:\\\/\\\/albal.es\\\/es\\\/#website\",\"url\":\"https:\\\/\\\/albal.es\\\/es\\\/\",\"name\":\"Ajuntament d&#039;Albal\",\"description\":\"Ajuntament d&#039;Albal\",\"publisher\":{\"@id\":\"https:\\\/\\\/albal.es\\\/es\\\/#organization\"},\"potentialAction\":[{\"@type\":\"SearchAction\",\"target\":{\"@type\":\"EntryPoint\",\"urlTemplate\":\"https:\\\/\\\/albal.es\\\/es\\\/?s={search_term_string}\"},\"query-input\":{\"@type\":\"PropertyValueSpecification\",\"valueRequired\":true,\"valueName\":\"search_term_string\"}}],\"inLanguage\":\"es\"},{\"@type\":\"Organization\",\"@id\":\"https:\\\/\\\/albal.es\\\/es\\\/#organization\",\"name\":\"Ajuntament d'Albal - Valencia\",\"url\":\"https:\\\/\\\/albal.es\\\/es\\\/\",\"logo\":{\"@type\":\"ImageObject\",\"inLanguage\":\"es\",\"@id\":\"https:\\\/\\\/albal.es\\\/es\\\/#\\\/schema\\\/logo\\\/image\\\/\",\"url\":\"https:\\\/\\\/albal.es\\\/content-albal\\\/uploads\\\/2020\\\/06\\\/logo-ayuntamiento-albal.png\",\"contentUrl\":\"https:\\\/\\\/albal.es\\\/content-albal\\\/uploads\\\/2020\\\/06\\\/logo-ayuntamiento-albal.png\",\"width\":367,\"height\":332,\"caption\":\"Ajuntament d'Albal - Valencia\"},\"image\":{\"@id\":\"https:\\\/\\\/albal.es\\\/es\\\/#\\\/schema\\\/logo\\\/image\\\/\"},\"sameAs\":[\"https:\\\/\\\/facebook.com\\\/AjuntamentAlbal\\\/\"]},{\"@type\":\"Person\",\"@id\":\"https:\\\/\\\/albal.es\\\/es\\\/#\\\/schema\\\/person\\\/ae29ef751fc57095742fd1bc34bd3e52\",\"name\":\"Cristina Pomares Fern\u00e1ndez\"}]}<\/script>\n<!-- \/ Yoast SEO plugin. -->","yoast_head_json":{"title":"La albalense Marisa Rico Orero se embarca en una nueva experiencia acad\u00e9mica: el proyecto Vuelta al Mundo - Ajuntament d&#039;Albal","robots":{"index":"index","follow":"follow","max-snippet":"max-snippet:-1","max-image-preview":"max-image-preview:large","max-video-preview":"max-video-preview:-1"},"canonical":"https:\/\/albal.es\/es\/noticies\/la-albalense-marisa-rico-orero-se-embarca-en-una-nueva-experiencia-academica-el-proyecto-vuelta-al-mundo\/","og_locale":"es_ES","og_type":"article","og_title":"La albalense Marisa Rico Orero se embarca en una nueva experiencia acad\u00e9mica: el proyecto Vuelta al Mundo - Ajuntament d&#039;Albal","og_description":"El pasado a\u00f1o, la joven Marisa Rico Orero ya fue noticia en los medios de comunicaci\u00f3n valencianos tras recibir la Beca Europa a la excelencia acad\u00e9mica. Dedicada desde su infancia a su formaci\u00f3n acad\u00e9mica, con gran dedicaci\u00f3n al aprendizaje y la adquisici\u00f3n de conocimientos con gran proyecci\u00f3n social, la albalense fue una de las beneficiarias [&hellip;]","og_site_name":"Ajuntament d&#039;Albal","article_publisher":"https:\/\/facebook.com\/AjuntamentAlbal\/","article_published_time":"2022-07-21T11:56:06+00:00","og_image":[{"width":1066,"height":1100,"url":"https:\/\/albal.es\/content-albal\/uploads\/2022\/07\/294770076_3255303141406805_5564667530739485448_n.jpg","type":"image\/jpeg"}],"author":"Cristina Pomares Fern\u00e1ndez","twitter_card":"summary_large_image","twitter_misc":{"Escrito por":"Cristina Pomares Fern\u00e1ndez","Tiempo de lectura":"1 minuto","Written by":"Cristina Pomares Fern\u00e1ndez"},"schema":{"@context":"https:\/\/schema.org","@graph":[{"@type":"Article","@id":"https:\/\/albal.es\/es\/noticies\/la-albalense-marisa-rico-orero-se-embarca-en-una-nueva-experiencia-academica-el-proyecto-vuelta-al-mundo\/#article","isPartOf":{"@id":"https:\/\/albal.es\/es\/noticies\/la-albalense-marisa-rico-orero-se-embarca-en-una-nueva-experiencia-academica-el-proyecto-vuelta-al-mundo\/"},"author":{"name":"Cristina Pomares Fern\u00e1ndez","@id":"https:\/\/albal.es\/es\/#\/schema\/person\/ae29ef751fc57095742fd1bc34bd3e52"},"headline":"La albalense Marisa Rico Orero se embarca en una nueva experiencia acad\u00e9mica: el proyecto Vuelta al Mundo","datePublished":"2022-07-21T11:56:06+00:00","mainEntityOfPage":{"@id":"https:\/\/albal.es\/es\/noticies\/la-albalense-marisa-rico-orero-se-embarca-en-una-nueva-experiencia-academica-el-proyecto-vuelta-al-mundo\/"},"wordCount":268,"publisher":{"@id":"https:\/\/albal.es\/es\/#organization"},"image":{"@id":"https:\/\/albal.es\/es\/noticies\/la-albalense-marisa-rico-orero-se-embarca-en-una-nueva-experiencia-academica-el-proyecto-vuelta-al-mundo\/#primaryimage"},"thumbnailUrl":"https:\/\/albal.es\/content-albal\/uploads\/2022\/07\/294770076_3255303141406805_5564667530739485448_n.jpg","articleSection":["Educaci\u00f3n"],"inLanguage":"es"},{"@type":"WebPage","@id":"https:\/\/albal.es\/es\/noticies\/la-albalense-marisa-rico-orero-se-embarca-en-una-nueva-experiencia-academica-el-proyecto-vuelta-al-mundo\/","url":"https:\/\/albal.es\/es\/noticies\/la-albalense-marisa-rico-orero-se-embarca-en-una-nueva-experiencia-academica-el-proyecto-vuelta-al-mundo\/","name":"La albalense Marisa Rico Orero se embarca en una nueva experiencia acad\u00e9mica: el proyecto Vuelta al Mundo - Ajuntament d&#039;Albal","isPartOf":{"@id":"https:\/\/albal.es\/es\/#website"},"primaryImageOfPage":{"@id":"https:\/\/albal.es\/es\/noticies\/la-albalense-marisa-rico-orero-se-embarca-en-una-nueva-experiencia-academica-el-proyecto-vuelta-al-mundo\/#primaryimage"},"image":{"@id":"https:\/\/albal.es\/es\/noticies\/la-albalense-marisa-rico-orero-se-embarca-en-una-nueva-experiencia-academica-el-proyecto-vuelta-al-mundo\/#primaryimage"},"thumbnailUrl":"https:\/\/albal.es\/content-albal\/uploads\/2022\/07\/294770076_3255303141406805_5564667530739485448_n.jpg","datePublished":"2022-07-21T11:56:06+00:00","breadcrumb":{"@id":"https:\/\/albal.es\/es\/noticies\/la-albalense-marisa-rico-orero-se-embarca-en-una-nueva-experiencia-academica-el-proyecto-vuelta-al-mundo\/#breadcrumb"},"inLanguage":"es","potentialAction":[{"@type":"ReadAction","target":["https:\/\/albal.es\/es\/noticies\/la-albalense-marisa-rico-orero-se-embarca-en-una-nueva-experiencia-academica-el-proyecto-vuelta-al-mundo\/"]}]},{"@type":"ImageObject","inLanguage":"es","@id":"https:\/\/albal.es\/es\/noticies\/la-albalense-marisa-rico-orero-se-embarca-en-una-nueva-experiencia-academica-el-proyecto-vuelta-al-mundo\/#primaryimage","url":"https:\/\/albal.es\/content-albal\/uploads\/2022\/07\/294770076_3255303141406805_5564667530739485448_n.jpg","contentUrl":"https:\/\/albal.es\/content-albal\/uploads\/2022\/07\/294770076_3255303141406805_5564667530739485448_n.jpg","width":1066,"height":1100},{"@type":"BreadcrumbList","@id":"https:\/\/albal.es\/es\/noticies\/la-albalense-marisa-rico-orero-se-embarca-en-una-nueva-experiencia-academica-el-proyecto-vuelta-al-mundo\/#breadcrumb","itemListElement":[{"@type":"ListItem","position":1,"name":"Inici","item":"https:\/\/albal.es\/es\/"},{"@type":"ListItem","position":2,"name":"La albalense Marisa Rico Orero se embarca en una nueva experiencia acad\u00e9mica: el proyecto Vuelta al Mundo"}]},{"@type":"WebSite","@id":"https:\/\/albal.es\/es\/#website","url":"https:\/\/albal.es\/es\/","name":"Ajuntament d&#039;Albal","description":"Ajuntament d&#039;Albal","publisher":{"@id":"https:\/\/albal.es\/es\/#organization"},"potentialAction":[{"@type":"SearchAction","target":{"@type":"EntryPoint","urlTemplate":"https:\/\/albal.es\/es\/?s={search_term_string}"},"query-input":{"@type":"PropertyValueSpecification","valueRequired":true,"valueName":"search_term_string"}}],"inLanguage":"es"},{"@type":"Organization","@id":"https:\/\/albal.es\/es\/#organization","name":"Ajuntament d'Albal - Valencia","url":"https:\/\/albal.es\/es\/","logo":{"@type":"ImageObject","inLanguage":"es","@id":"https:\/\/albal.es\/es\/#\/schema\/logo\/image\/","url":"https:\/\/albal.es\/content-albal\/uploads\/2020\/06\/logo-ayuntamiento-albal.png","contentUrl":"https:\/\/albal.es\/content-albal\/uploads\/2020\/06\/logo-ayuntamiento-albal.png","width":367,"height":332,"caption":"Ajuntament d'Albal - Valencia"},"image":{"@id":"https:\/\/albal.es\/es\/#\/schema\/logo\/image\/"},"sameAs":["https:\/\/facebook.com\/AjuntamentAlbal\/"]},{"@type":"Person","@id":"https:\/\/albal.es\/es\/#\/schema\/person\/ae29ef751fc57095742fd1bc34bd3e52","name":"Cristina Pomares Fern\u00e1ndez"}]}},"publishpress_future_workflow_manual_trigger":{"enabledWorkflows":[]},"_links":{"self":[{"href":"https:\/\/albal.es\/es\/wp-json\/wp\/v2\/posts\/31664","targetHints":{"allow":["GET"]}}],"collection":[{"href":"https:\/\/albal.es\/es\/wp-json\/wp\/v2\/posts"}],"about":[{"href":"https:\/\/albal.es\/es\/wp-json\/wp\/v2\/types\/post"}],"author":[{"embeddable":true,"href":"https:\/\/albal.es\/es\/wp-json\/wp\/v2\/users\/31"}],"replies":[{"embeddable":true,"href":"https:\/\/albal.es\/es\/wp-json\/wp\/v2\/comments?post=31664"}],"version-history":[{"count":0,"href":"https:\/\/albal.es\/es\/wp-json\/wp\/v2\/posts\/31664\/revisions"}],"wp:featuredmedia":[{"embeddable":true,"href":"https:\/\/albal.es\/es\/wp-json\/wp\/v2\/media\/31662"}],"wp:attachment":[{"href":"https:\/\/albal.es\/es\/wp-json\/wp\/v2\/media?parent=31664"}],"wp:term":[{"taxonomy":"category","embeddable":true,"href":"https:\/\/albal.es\/es\/wp-json\/wp\/v2\/categories?post=31664"},{"taxonomy":"post_tag","embeddable":true,"href":"https:\/\/albal.es\/es\/wp-json\/wp\/v2\/tags?post=31664"},{"taxonomy":"author","embeddable":true,"href":"https:\/\/albal.es\/es\/wp-json\/wp\/v2\/coauthors?post=31664"}],"curies":[{"name":"wp","href":"https:\/\/api.w.org\/{rel}","templated":true}]}}