

{"id":26355,"date":"2022-05-23T11:12:45","date_gmt":"2022-05-23T09:12:45","guid":{"rendered":"https:\/\/albal.es\/noticies\/el-ies-albal-despide-a-99-alumnos-que-dicen-adios-al-bachiller-seis-con-matricula-de-honor\/"},"modified":"2022-05-23T11:12:45","modified_gmt":"2022-05-23T09:12:45","slug":"el-ies-albal-despide-a-99-alumnos-que-dicen-adios-al-bachiller-seis-con-matricula-de-honor","status":"publish","type":"post","link":"https:\/\/albal.es\/es\/noticies\/el-ies-albal-despide-a-99-alumnos-que-dicen-adios-al-bachiller-seis-con-matricula-de-honor\/","title":{"rendered":"El I.E.S Albal despide a 99 alumnos que dicen adi\u00f3s al Bachillerato, seis con Matr\u00edcula de Honor"},"content":{"rendered":"<p>El instituto de secundaria de Albal acaba de celebrar el acto de graduaci\u00f3n de los 99 estudiantes de 2\u00b0 de Bachillerato, presidido por el alcalde Ram\u00f3n Mar\u00ed y la regidora de Educaci\u00f3n Melani Jim\u00e9nez, han sido acompa\u00f1ados por amigos y familiares en la Casa de Cultura donde han celebrado el final de este ciclo de estudios.<\/p>\n<p>El primer edil se ha comprometido con los j\u00f3venes y las familias a exigir en la Generalitat la construcci\u00f3n de una pasarela para acceder a la Joy, que garantice su seguridad. Adem\u00e1s ha anunciado que el segundo instituto se encuentra en fase de presentaci\u00f3n de ofertas para dar en la redacci\u00f3n del proyecto. Tambi\u00e9n se ha referido al cumplimiento con la creaci\u00f3n de aulas de estudio y ha destacado que se ha ampliado el personal de la biblioteca.<\/p>\n<p>El consistorio ha obsequiado a seis j\u00f3venes que han destacado acad\u00e9micamente, consiguiendo Matr\u00edcula de Honor; Cristian Pitarch, Miquel Celda, Paula Pilar Pellicer, Pablo Verdeguer, Eduardo Ramos i Jorge Bustos.<\/p>\n<p>Destaca especialmente el curr\u00edculum de Cristian Pitarch; el joven de 17 a\u00f1os. \u00abAlbal se siente muy orgullosa de contar con un alumno tan brillante como t\u00fa\u00bb, le ha dicho el alcalde. Pitarch es ganador de las Olimpiadas de Historia del Arte y de Cl\u00e1sicas, menci\u00f3n especial en un concurso europeo de j\u00f3venes traductores y ganador del prestigioso premio que otorga la Sociedad de Estudios Cl\u00e1sicos, de \u00e1mbito nacional.<\/p>\n<p>Con la graduaci\u00f3n de 2\u00b0 de Bachillerato, el alumnado dice adi\u00f3s en esta etapa en el instituto de secundaria. A partir de ahora los queda un corto pero intenso camino hasta el EBAU, la prueba de Evaluaci\u00f3n de Bachillerato para el acceso en la Universidad, que tendr\u00e1 lugar del 7 al 9 de junio en la Comunidad Valenciana. Ram\u00f3n Mar\u00ed los ha deseado mucha suerte y los ha expresado su apoyo.<\/p>\n<p>Enhorabuena!<\/p>\n","protected":false},"excerpt":{"rendered":"<p>El instituto de secundaria de Albal acaba de celebrar el acto de graduaci\u00f3n de los 99 estudiantes de 2\u00b0 de Bachillerato, presidido por el alcalde Ram\u00f3n Mar\u00ed y la regidora de Educaci\u00f3n Melani Jim\u00e9nez, han sido acompa\u00f1ados por amigos y familiares en la Casa de Cultura donde han celebrado el final de este ciclo de [&hellip;]<\/p>\n","protected":false},"author":31,"featured_media":26352,"comment_status":"closed","ping_status":"closed","sticky":false,"template":"","format":"standard","meta":{"_acf_changed":false,"_et_pb_use_builder":"","_et_pb_old_content":"","_et_gb_content_width":"","footnotes":""},"categories":[1,13,16],"tags":[],"coauthors":[86],"class_list":["post-26355","post","type-post","status-publish","format-standard","has-post-thumbnail","hentry","category-noticias-ayuntamiento","category-noticias-educacion","category-noticias-municipio"],"acf":[],"yoast_head":"<!-- This site is optimized with the Yoast SEO plugin v27.5 - https:\/\/yoast.com\/product\/yoast-seo-wordpress\/ -->\n<title>El I.E.S Albal despide a 99 alumnos que dicen adi\u00f3s al Bachillerato, seis con Matr\u00edcula de Honor - Ajuntament d&#039;Albal<\/title>\n<meta name=\"robots\" content=\"index, follow, max-snippet:-1, max-image-preview:large, max-video-preview:-1\" \/>\n<link rel=\"canonical\" href=\"https:\/\/albal.es\/es\/noticies\/el-ies-albal-despide-a-99-alumnos-que-dicen-adios-al-bachiller-seis-con-matricula-de-honor\/\" \/>\n<meta property=\"og:locale\" content=\"es_ES\" \/>\n<meta property=\"og:type\" content=\"article\" \/>\n<meta property=\"og:title\" content=\"El I.E.S Albal despide a 99 alumnos que dicen adi\u00f3s al Bachillerato, seis con Matr\u00edcula de Honor - Ajuntament d&#039;Albal\" \/>\n<meta property=\"og:description\" content=\"El instituto de secundaria de Albal acaba de celebrar el acto de graduaci\u00f3n de los 99 estudiantes de 2\u00b0 de Bachillerato, presidido por el alcalde Ram\u00f3n Mar\u00ed y la regidora de Educaci\u00f3n Melani Jim\u00e9nez, han sido acompa\u00f1ados por amigos y familiares en la Casa de Cultura donde han celebrado el final de este ciclo de [&hellip;]\" \/>\n<meta property=\"og:site_name\" content=\"Ajuntament d&#039;Albal\" \/>\n<meta property=\"article:publisher\" content=\"https:\/\/facebook.com\/AjuntamentAlbal\/\" \/>\n<meta property=\"article:published_time\" content=\"2022-05-23T09:12:45+00:00\" \/>\n<meta property=\"og:image\" content=\"https:\/\/albal.es\/content-albal\/uploads\/2022\/05\/283246943_4867492396684632_7749371434113427516_n-2.jpg\" \/>\n\t<meta property=\"og:image:width\" content=\"800\" \/>\n\t<meta property=\"og:image:height\" content=\"533\" \/>\n\t<meta property=\"og:image:type\" content=\"image\/jpeg\" \/>\n<meta name=\"author\" content=\"Cristina Pomares Fern\u00e1ndez\" \/>\n<meta name=\"twitter:card\" content=\"summary_large_image\" \/>\n<meta name=\"twitter:label1\" content=\"Escrito por\" \/>\n\t<meta name=\"twitter:data1\" content=\"Cristina Pomares Fern\u00e1ndez\" \/>\n\t<meta name=\"twitter:label2\" content=\"Tiempo de lectura\" \/>\n\t<meta name=\"twitter:data2\" content=\"2 minutos\" \/>\n\t<meta name=\"twitter:label3\" content=\"Written by\" \/>\n\t<meta name=\"twitter:data3\" content=\"Cristina Pomares Fern\u00e1ndez\" \/>\n<script type=\"application\/ld+json\" class=\"yoast-schema-graph\">{\"@context\":\"https:\\\/\\\/schema.org\",\"@graph\":[{\"@type\":\"Article\",\"@id\":\"https:\\\/\\\/albal.es\\\/es\\\/noticies\\\/el-ies-albal-despide-a-99-alumnos-que-dicen-adios-al-bachiller-seis-con-matricula-de-honor\\\/#article\",\"isPartOf\":{\"@id\":\"https:\\\/\\\/albal.es\\\/es\\\/noticies\\\/el-ies-albal-despide-a-99-alumnos-que-dicen-adios-al-bachiller-seis-con-matricula-de-honor\\\/\"},\"author\":{\"name\":\"Cristina Pomares Fern\u00e1ndez\",\"@id\":\"https:\\\/\\\/albal.es\\\/es\\\/#\\\/schema\\\/person\\\/21060b35e8488bc568394c3beb5c6a32\"},\"headline\":\"El I.E.S Albal despide a 99 alumnos que dicen adi\u00f3s al Bachillerato, seis con Matr\u00edcula de Honor\",\"datePublished\":\"2022-05-23T09:12:45+00:00\",\"mainEntityOfPage\":{\"@id\":\"https:\\\/\\\/albal.es\\\/es\\\/noticies\\\/el-ies-albal-despide-a-99-alumnos-que-dicen-adios-al-bachiller-seis-con-matricula-de-honor\\\/\"},\"wordCount\":342,\"publisher\":{\"@id\":\"https:\\\/\\\/albal.es\\\/es\\\/#organization\"},\"image\":{\"@id\":\"https:\\\/\\\/albal.es\\\/es\\\/noticies\\\/el-ies-albal-despide-a-99-alumnos-que-dicen-adios-al-bachiller-seis-con-matricula-de-honor\\\/#primaryimage\"},\"thumbnailUrl\":\"https:\\\/\\\/albal.es\\\/content-albal\\\/uploads\\\/2022\\\/05\\\/283246943_4867492396684632_7749371434113427516_n-2.jpg\",\"articleSection\":[\"Ayuntamiento\",\"Educaci\u00f3n\",\"Municipio\"],\"inLanguage\":\"es\"},{\"@type\":\"WebPage\",\"@id\":\"https:\\\/\\\/albal.es\\\/es\\\/noticies\\\/el-ies-albal-despide-a-99-alumnos-que-dicen-adios-al-bachiller-seis-con-matricula-de-honor\\\/\",\"url\":\"https:\\\/\\\/albal.es\\\/es\\\/noticies\\\/el-ies-albal-despide-a-99-alumnos-que-dicen-adios-al-bachiller-seis-con-matricula-de-honor\\\/\",\"name\":\"El I.E.S Albal despide a 99 alumnos que dicen adi\u00f3s al Bachillerato, seis con Matr\u00edcula de Honor - Ajuntament d&#039;Albal\",\"isPartOf\":{\"@id\":\"https:\\\/\\\/albal.es\\\/es\\\/#website\"},\"primaryImageOfPage\":{\"@id\":\"https:\\\/\\\/albal.es\\\/es\\\/noticies\\\/el-ies-albal-despide-a-99-alumnos-que-dicen-adios-al-bachiller-seis-con-matricula-de-honor\\\/#primaryimage\"},\"image\":{\"@id\":\"https:\\\/\\\/albal.es\\\/es\\\/noticies\\\/el-ies-albal-despide-a-99-alumnos-que-dicen-adios-al-bachiller-seis-con-matricula-de-honor\\\/#primaryimage\"},\"thumbnailUrl\":\"https:\\\/\\\/albal.es\\\/content-albal\\\/uploads\\\/2022\\\/05\\\/283246943_4867492396684632_7749371434113427516_n-2.jpg\",\"datePublished\":\"2022-05-23T09:12:45+00:00\",\"breadcrumb\":{\"@id\":\"https:\\\/\\\/albal.es\\\/es\\\/noticies\\\/el-ies-albal-despide-a-99-alumnos-que-dicen-adios-al-bachiller-seis-con-matricula-de-honor\\\/#breadcrumb\"},\"inLanguage\":\"es\",\"potentialAction\":[{\"@type\":\"ReadAction\",\"target\":[\"https:\\\/\\\/albal.es\\\/es\\\/noticies\\\/el-ies-albal-despide-a-99-alumnos-que-dicen-adios-al-bachiller-seis-con-matricula-de-honor\\\/\"]}]},{\"@type\":\"ImageObject\",\"inLanguage\":\"es\",\"@id\":\"https:\\\/\\\/albal.es\\\/es\\\/noticies\\\/el-ies-albal-despide-a-99-alumnos-que-dicen-adios-al-bachiller-seis-con-matricula-de-honor\\\/#primaryimage\",\"url\":\"https:\\\/\\\/albal.es\\\/content-albal\\\/uploads\\\/2022\\\/05\\\/283246943_4867492396684632_7749371434113427516_n-2.jpg\",\"contentUrl\":\"https:\\\/\\\/albal.es\\\/content-albal\\\/uploads\\\/2022\\\/05\\\/283246943_4867492396684632_7749371434113427516_n-2.jpg\",\"width\":800,\"height\":533},{\"@type\":\"BreadcrumbList\",\"@id\":\"https:\\\/\\\/albal.es\\\/es\\\/noticies\\\/el-ies-albal-despide-a-99-alumnos-que-dicen-adios-al-bachiller-seis-con-matricula-de-honor\\\/#breadcrumb\",\"itemListElement\":[{\"@type\":\"ListItem\",\"position\":1,\"name\":\"Inici\",\"item\":\"https:\\\/\\\/albal.es\\\/es\\\/\"},{\"@type\":\"ListItem\",\"position\":2,\"name\":\"El I.E.S Albal despide a 99 alumnos que dicen adi\u00f3s al Bachillerato, seis con Matr\u00edcula de Honor\"}]},{\"@type\":\"WebSite\",\"@id\":\"https:\\\/\\\/albal.es\\\/es\\\/#website\",\"url\":\"https:\\\/\\\/albal.es\\\/es\\\/\",\"name\":\"Ajuntament d&#039;Albal\",\"description\":\"Ajuntament d&#039;Albal\",\"publisher\":{\"@id\":\"https:\\\/\\\/albal.es\\\/es\\\/#organization\"},\"potentialAction\":[{\"@type\":\"SearchAction\",\"target\":{\"@type\":\"EntryPoint\",\"urlTemplate\":\"https:\\\/\\\/albal.es\\\/es\\\/?s={search_term_string}\"},\"query-input\":{\"@type\":\"PropertyValueSpecification\",\"valueRequired\":true,\"valueName\":\"search_term_string\"}}],\"inLanguage\":\"es\"},{\"@type\":\"Organization\",\"@id\":\"https:\\\/\\\/albal.es\\\/es\\\/#organization\",\"name\":\"Ajuntament d'Albal - Valencia\",\"url\":\"https:\\\/\\\/albal.es\\\/es\\\/\",\"logo\":{\"@type\":\"ImageObject\",\"inLanguage\":\"es\",\"@id\":\"https:\\\/\\\/albal.es\\\/es\\\/#\\\/schema\\\/logo\\\/image\\\/\",\"url\":\"https:\\\/\\\/albal.es\\\/content-albal\\\/uploads\\\/2020\\\/06\\\/logo-ayuntamiento-albal.png\",\"contentUrl\":\"https:\\\/\\\/albal.es\\\/content-albal\\\/uploads\\\/2020\\\/06\\\/logo-ayuntamiento-albal.png\",\"width\":367,\"height\":332,\"caption\":\"Ajuntament d'Albal - Valencia\"},\"image\":{\"@id\":\"https:\\\/\\\/albal.es\\\/es\\\/#\\\/schema\\\/logo\\\/image\\\/\"},\"sameAs\":[\"https:\\\/\\\/facebook.com\\\/AjuntamentAlbal\\\/\"]},{\"@type\":\"Person\",\"@id\":\"https:\\\/\\\/albal.es\\\/es\\\/#\\\/schema\\\/person\\\/21060b35e8488bc568394c3beb5c6a32\",\"name\":\"Cristina Pomares Fern\u00e1ndez\"}]}<\/script>\n<!-- \/ Yoast SEO plugin. -->","yoast_head_json":{"title":"El I.E.S Albal despide a 99 alumnos que dicen adi\u00f3s al Bachillerato, seis con Matr\u00edcula de Honor - Ajuntament d&#039;Albal","robots":{"index":"index","follow":"follow","max-snippet":"max-snippet:-1","max-image-preview":"max-image-preview:large","max-video-preview":"max-video-preview:-1"},"canonical":"https:\/\/albal.es\/es\/noticies\/el-ies-albal-despide-a-99-alumnos-que-dicen-adios-al-bachiller-seis-con-matricula-de-honor\/","og_locale":"es_ES","og_type":"article","og_title":"El I.E.S Albal despide a 99 alumnos que dicen adi\u00f3s al Bachillerato, seis con Matr\u00edcula de Honor - Ajuntament d&#039;Albal","og_description":"El instituto de secundaria de Albal acaba de celebrar el acto de graduaci\u00f3n de los 99 estudiantes de 2\u00b0 de Bachillerato, presidido por el alcalde Ram\u00f3n Mar\u00ed y la regidora de Educaci\u00f3n Melani Jim\u00e9nez, han sido acompa\u00f1ados por amigos y familiares en la Casa de Cultura donde han celebrado el final de este ciclo de [&hellip;]","og_site_name":"Ajuntament d&#039;Albal","article_publisher":"https:\/\/facebook.com\/AjuntamentAlbal\/","article_published_time":"2022-05-23T09:12:45+00:00","og_image":[{"width":800,"height":533,"url":"https:\/\/albal.es\/content-albal\/uploads\/2022\/05\/283246943_4867492396684632_7749371434113427516_n-2.jpg","type":"image\/jpeg"}],"author":"Cristina Pomares Fern\u00e1ndez","twitter_card":"summary_large_image","twitter_misc":{"Escrito por":"Cristina Pomares Fern\u00e1ndez","Tiempo de lectura":"2 minutos","Written by":"Cristina Pomares Fern\u00e1ndez"},"schema":{"@context":"https:\/\/schema.org","@graph":[{"@type":"Article","@id":"https:\/\/albal.es\/es\/noticies\/el-ies-albal-despide-a-99-alumnos-que-dicen-adios-al-bachiller-seis-con-matricula-de-honor\/#article","isPartOf":{"@id":"https:\/\/albal.es\/es\/noticies\/el-ies-albal-despide-a-99-alumnos-que-dicen-adios-al-bachiller-seis-con-matricula-de-honor\/"},"author":{"name":"Cristina Pomares Fern\u00e1ndez","@id":"https:\/\/albal.es\/es\/#\/schema\/person\/21060b35e8488bc568394c3beb5c6a32"},"headline":"El I.E.S Albal despide a 99 alumnos que dicen adi\u00f3s al Bachillerato, seis con Matr\u00edcula de Honor","datePublished":"2022-05-23T09:12:45+00:00","mainEntityOfPage":{"@id":"https:\/\/albal.es\/es\/noticies\/el-ies-albal-despide-a-99-alumnos-que-dicen-adios-al-bachiller-seis-con-matricula-de-honor\/"},"wordCount":342,"publisher":{"@id":"https:\/\/albal.es\/es\/#organization"},"image":{"@id":"https:\/\/albal.es\/es\/noticies\/el-ies-albal-despide-a-99-alumnos-que-dicen-adios-al-bachiller-seis-con-matricula-de-honor\/#primaryimage"},"thumbnailUrl":"https:\/\/albal.es\/content-albal\/uploads\/2022\/05\/283246943_4867492396684632_7749371434113427516_n-2.jpg","articleSection":["Ayuntamiento","Educaci\u00f3n","Municipio"],"inLanguage":"es"},{"@type":"WebPage","@id":"https:\/\/albal.es\/es\/noticies\/el-ies-albal-despide-a-99-alumnos-que-dicen-adios-al-bachiller-seis-con-matricula-de-honor\/","url":"https:\/\/albal.es\/es\/noticies\/el-ies-albal-despide-a-99-alumnos-que-dicen-adios-al-bachiller-seis-con-matricula-de-honor\/","name":"El I.E.S Albal despide a 99 alumnos que dicen adi\u00f3s al Bachillerato, seis con Matr\u00edcula de Honor - Ajuntament d&#039;Albal","isPartOf":{"@id":"https:\/\/albal.es\/es\/#website"},"primaryImageOfPage":{"@id":"https:\/\/albal.es\/es\/noticies\/el-ies-albal-despide-a-99-alumnos-que-dicen-adios-al-bachiller-seis-con-matricula-de-honor\/#primaryimage"},"image":{"@id":"https:\/\/albal.es\/es\/noticies\/el-ies-albal-despide-a-99-alumnos-que-dicen-adios-al-bachiller-seis-con-matricula-de-honor\/#primaryimage"},"thumbnailUrl":"https:\/\/albal.es\/content-albal\/uploads\/2022\/05\/283246943_4867492396684632_7749371434113427516_n-2.jpg","datePublished":"2022-05-23T09:12:45+00:00","breadcrumb":{"@id":"https:\/\/albal.es\/es\/noticies\/el-ies-albal-despide-a-99-alumnos-que-dicen-adios-al-bachiller-seis-con-matricula-de-honor\/#breadcrumb"},"inLanguage":"es","potentialAction":[{"@type":"ReadAction","target":["https:\/\/albal.es\/es\/noticies\/el-ies-albal-despide-a-99-alumnos-que-dicen-adios-al-bachiller-seis-con-matricula-de-honor\/"]}]},{"@type":"ImageObject","inLanguage":"es","@id":"https:\/\/albal.es\/es\/noticies\/el-ies-albal-despide-a-99-alumnos-que-dicen-adios-al-bachiller-seis-con-matricula-de-honor\/#primaryimage","url":"https:\/\/albal.es\/content-albal\/uploads\/2022\/05\/283246943_4867492396684632_7749371434113427516_n-2.jpg","contentUrl":"https:\/\/albal.es\/content-albal\/uploads\/2022\/05\/283246943_4867492396684632_7749371434113427516_n-2.jpg","width":800,"height":533},{"@type":"BreadcrumbList","@id":"https:\/\/albal.es\/es\/noticies\/el-ies-albal-despide-a-99-alumnos-que-dicen-adios-al-bachiller-seis-con-matricula-de-honor\/#breadcrumb","itemListElement":[{"@type":"ListItem","position":1,"name":"Inici","item":"https:\/\/albal.es\/es\/"},{"@type":"ListItem","position":2,"name":"El I.E.S Albal despide a 99 alumnos que dicen adi\u00f3s al Bachillerato, seis con Matr\u00edcula de Honor"}]},{"@type":"WebSite","@id":"https:\/\/albal.es\/es\/#website","url":"https:\/\/albal.es\/es\/","name":"Ajuntament d&#039;Albal","description":"Ajuntament d&#039;Albal","publisher":{"@id":"https:\/\/albal.es\/es\/#organization"},"potentialAction":[{"@type":"SearchAction","target":{"@type":"EntryPoint","urlTemplate":"https:\/\/albal.es\/es\/?s={search_term_string}"},"query-input":{"@type":"PropertyValueSpecification","valueRequired":true,"valueName":"search_term_string"}}],"inLanguage":"es"},{"@type":"Organization","@id":"https:\/\/albal.es\/es\/#organization","name":"Ajuntament d'Albal - Valencia","url":"https:\/\/albal.es\/es\/","logo":{"@type":"ImageObject","inLanguage":"es","@id":"https:\/\/albal.es\/es\/#\/schema\/logo\/image\/","url":"https:\/\/albal.es\/content-albal\/uploads\/2020\/06\/logo-ayuntamiento-albal.png","contentUrl":"https:\/\/albal.es\/content-albal\/uploads\/2020\/06\/logo-ayuntamiento-albal.png","width":367,"height":332,"caption":"Ajuntament d'Albal - Valencia"},"image":{"@id":"https:\/\/albal.es\/es\/#\/schema\/logo\/image\/"},"sameAs":["https:\/\/facebook.com\/AjuntamentAlbal\/"]},{"@type":"Person","@id":"https:\/\/albal.es\/es\/#\/schema\/person\/21060b35e8488bc568394c3beb5c6a32","name":"Cristina Pomares Fern\u00e1ndez"}]}},"publishpress_future_workflow_manual_trigger":{"enabledWorkflows":[]},"_links":{"self":[{"href":"https:\/\/albal.es\/es\/wp-json\/wp\/v2\/posts\/26355","targetHints":{"allow":["GET"]}}],"collection":[{"href":"https:\/\/albal.es\/es\/wp-json\/wp\/v2\/posts"}],"about":[{"href":"https:\/\/albal.es\/es\/wp-json\/wp\/v2\/types\/post"}],"author":[{"embeddable":true,"href":"https:\/\/albal.es\/es\/wp-json\/wp\/v2\/users\/31"}],"replies":[{"embeddable":true,"href":"https:\/\/albal.es\/es\/wp-json\/wp\/v2\/comments?post=26355"}],"version-history":[{"count":0,"href":"https:\/\/albal.es\/es\/wp-json\/wp\/v2\/posts\/26355\/revisions"}],"wp:featuredmedia":[{"embeddable":true,"href":"https:\/\/albal.es\/es\/wp-json\/wp\/v2\/media\/26352"}],"wp:attachment":[{"href":"https:\/\/albal.es\/es\/wp-json\/wp\/v2\/media?parent=26355"}],"wp:term":[{"taxonomy":"category","embeddable":true,"href":"https:\/\/albal.es\/es\/wp-json\/wp\/v2\/categories?post=26355"},{"taxonomy":"post_tag","embeddable":true,"href":"https:\/\/albal.es\/es\/wp-json\/wp\/v2\/tags?post=26355"},{"taxonomy":"author","embeddable":true,"href":"https:\/\/albal.es\/es\/wp-json\/wp\/v2\/coauthors?post=26355"}],"curies":[{"name":"wp","href":"https:\/\/api.w.org\/{rel}","templated":true}]}}