

{"id":26193,"date":"2022-05-12T15:14:57","date_gmt":"2022-05-12T13:14:57","guid":{"rendered":"https:\/\/albal.es\/noticies\/el-consejo-pone-a-albal-como-ejemplo-de-la-lucha-contra-la-prostitucion\/"},"modified":"2022-05-12T15:14:57","modified_gmt":"2022-05-12T13:14:57","slug":"el-consejo-pone-a-albal-como-ejemplo-de-la-lucha-contra-la-prostitucion","status":"publish","type":"post","link":"https:\/\/albal.es\/es\/noticies\/el-consejo-pone-a-albal-como-ejemplo-de-la-lucha-contra-la-prostitucion\/","title":{"rendered":"El Consell pone Albal como ejemplo de la lucha contra la prostituci\u00f3n"},"content":{"rendered":"<div>El alcalde de Albal, Ram\u00f3n Mar\u00ed, ha acudido esta ma\u00f1ana al \u00abF\u00f2rum valenci\u00e0 per a l&#8217;abolici\u00f3 de la prostituci\u00f3\u00bb celebrado en Mislata y convocado por la Conselleria de Just\u00edcia, Interior y Administraci\u00f3n P\u00fablica, presidido por la consellera Gabriela Bravo, junto al alcalde anfitri\u00f3n Carlos Fern\u00e1ndez Bielsa y el Presidente de la Federaci\u00f3n Valenciana de Municipios y Provincias (FVMP), Rub\u00e9n Alfaro. En el acto, los mandatarios han puesto como ejemplo al Ayuntamiento de Albal, como municipio pionero en la lucha por la erradicaci\u00f3n de la prostituci\u00f3n y contra la trata de mujeres y ni\u00f1as. Junto a Quart de Poblet, ambos de l&#8217;Horta Sud, han sido los primeros en aprobar la ordenanza \u00abde la dignidad\u00bb, en palabras de la consellera. Sendas mociones multan a los puteros, eximiendo a las mujeres prostituidas. Gracias a esta medida, el consistorio de Ram\u00f3n Mar\u00ed ha cazado ya a 20 hombres que pagaban por sexo o mientras manten\u00edan relaciones en la localidad, ocho de ellos ya la han abonado. Para la consellera de Just\u00edcia \u00abAlbal y Quart de Poblet son la cara, mientras Alicante la cruz\u00bb,\u00a0refiri\u00e9ndose al texto de la alicantina como \u00abla ordenanza de la verg\u00fcenza que castiga a las mujeres prostituidas\u00bb.\u00a0Gabriela Bravo ha pedido el apoyo colectivo de los mandatarios presentes en el acto para \u00aberradicar la explotaci\u00f3n y la violencia de g\u00e9nero que se ejerce contra estas mujeres\u00bb, criticando duramente el negacionismo cuando existen informes que aseveran que \u00abel 80% de los hombres ha pagado alguna vez por sexo\u00bb.<\/div>\n<div><\/div>\n<div>El presidente del consistorio de Albal ha movido ficha nada m\u00e1s volver al Ayuntamiento\u00a0donde ha dado instrucciones para que el nuevo modelo presentado hoy por Gabriela Bravo se debata en la primera sesi\u00f3n informativa que se celebra en la poblaci\u00f3n el lunes 16 de mayo y llevar a cabo\u00a0la modificaci\u00f3n de la ordenanza actual, que fue aprobada en septiembre de 2020. Al aplicar el nuevo modelo, Albal se sumar\u00eda al incremento de la sanci\u00f3n propuesto por la Generalitat Valenciana y que pasar\u00e1 de 800 euros a 1500 euros (en el caso de las sanciones leves) y cobrar\u00e1 hasta 3.000 por las graves en caso de que se apruebe en el pleno del 19 de mayo. La consellera de Justicia que ha despachado brevemente con Ram\u00f3n Mar\u00ed en el acto lo ha emplazado a mantener una reuni\u00f3n junto a ella y al director general de reformas democr\u00e1ticas y acceso a la Justicia, Jos\u00e9 Garc\u00eda A\u00f1\u00f3n.<\/div>\n<div><\/div>\n","protected":false},"excerpt":{"rendered":"<p>Albal llevar\u00e1 a la sesi\u00f3n informativa del lunes la modificaci\u00f3n de la ordenanza municipal abolicionista de la prostituci\u00f3n y la explotaci\u00f3n sexual para adherirse al modelo de la Generalitat que ha presentado hoy en Mislata la consellera de Justicia Gabriela Bravo y que incrementa la sanci\u00f3n hasta los 3.000 euros<\/p>\n","protected":false},"author":31,"featured_media":26191,"comment_status":"closed","ping_status":"closed","sticky":false,"template":"","format":"standard","meta":{"_acf_changed":false,"_et_pb_use_builder":"","_et_pb_old_content":"","_et_gb_content_width":"","footnotes":""},"categories":[1,16,15],"tags":[],"coauthors":[86],"class_list":["post-26193","post","type-post","status-publish","format-standard","has-post-thumbnail","hentry","category-noticias-ayuntamiento","category-noticias-municipio","category-noticias-social"],"acf":[],"yoast_head":"<!-- This site is optimized with the Yoast SEO plugin v27.4 - https:\/\/yoast.com\/product\/yoast-seo-wordpress\/ -->\n<title>El Consell pone Albal como ejemplo de la lucha contra la prostituci\u00f3n - Ajuntament d&#039;Albal<\/title>\n<meta name=\"robots\" content=\"index, follow, max-snippet:-1, max-image-preview:large, max-video-preview:-1\" \/>\n<link rel=\"canonical\" href=\"https:\/\/albal.es\/es\/noticies\/el-consejo-pone-a-albal-como-ejemplo-de-la-lucha-contra-la-prostitucion\/\" \/>\n<meta property=\"og:locale\" content=\"es_ES\" \/>\n<meta property=\"og:type\" content=\"article\" \/>\n<meta property=\"og:title\" content=\"El Consell pone Albal como ejemplo de la lucha contra la prostituci\u00f3n - Ajuntament d&#039;Albal\" \/>\n<meta property=\"og:description\" content=\"Albal llevar\u00e1 a la sesi\u00f3n informativa del lunes la modificaci\u00f3n de la ordenanza municipal abolicionista de la prostituci\u00f3n y la explotaci\u00f3n sexual para adherirse al modelo de la Generalitat que ha presentado hoy en Mislata la consellera de Justicia Gabriela Bravo y que incrementa la sanci\u00f3n hasta los 3.000 euros\" \/>\n<meta property=\"og:site_name\" content=\"Ajuntament d&#039;Albal\" \/>\n<meta property=\"article:publisher\" content=\"https:\/\/facebook.com\/AjuntamentAlbal\/\" \/>\n<meta property=\"article:published_time\" content=\"2022-05-12T13:14:57+00:00\" \/>\n<meta property=\"og:image\" content=\"https:\/\/albal.es\/content-albal\/uploads\/2022\/05\/WhatsApp-Image-2022-05-12-at-1.18.58-PM-1.jpg\" \/>\n\t<meta property=\"og:image:width\" content=\"800\" \/>\n\t<meta property=\"og:image:height\" content=\"1067\" \/>\n\t<meta property=\"og:image:type\" content=\"image\/jpeg\" \/>\n<meta name=\"author\" content=\"Cristina Pomares Fern\u00e1ndez\" \/>\n<meta name=\"twitter:card\" content=\"summary_large_image\" \/>\n<meta name=\"twitter:label1\" content=\"Escrito por\" \/>\n\t<meta name=\"twitter:data1\" content=\"Cristina Pomares Fern\u00e1ndez\" \/>\n\t<meta name=\"twitter:label2\" content=\"Tiempo de lectura\" \/>\n\t<meta name=\"twitter:data2\" content=\"2 minutos\" \/>\n\t<meta name=\"twitter:label3\" content=\"Written by\" \/>\n\t<meta name=\"twitter:data3\" content=\"Cristina Pomares Fern\u00e1ndez\" \/>\n<script type=\"application\/ld+json\" class=\"yoast-schema-graph\">{\"@context\":\"https:\\\/\\\/schema.org\",\"@graph\":[{\"@type\":\"Article\",\"@id\":\"https:\\\/\\\/albal.es\\\/es\\\/noticies\\\/el-consejo-pone-a-albal-como-ejemplo-de-la-lucha-contra-la-prostitucion\\\/#article\",\"isPartOf\":{\"@id\":\"https:\\\/\\\/albal.es\\\/es\\\/noticies\\\/el-consejo-pone-a-albal-como-ejemplo-de-la-lucha-contra-la-prostitucion\\\/\"},\"author\":{\"name\":\"Cristina Pomares Fern\u00e1ndez\",\"@id\":\"https:\\\/\\\/albal.es\\\/es\\\/#\\\/schema\\\/person\\\/ae29ef751fc57095742fd1bc34bd3e52\"},\"headline\":\"El Consell pone Albal como ejemplo de la lucha contra la prostituci\u00f3n\",\"datePublished\":\"2022-05-12T13:14:57+00:00\",\"mainEntityOfPage\":{\"@id\":\"https:\\\/\\\/albal.es\\\/es\\\/noticies\\\/el-consejo-pone-a-albal-como-ejemplo-de-la-lucha-contra-la-prostitucion\\\/\"},\"wordCount\":441,\"publisher\":{\"@id\":\"https:\\\/\\\/albal.es\\\/es\\\/#organization\"},\"image\":{\"@id\":\"https:\\\/\\\/albal.es\\\/es\\\/noticies\\\/el-consejo-pone-a-albal-como-ejemplo-de-la-lucha-contra-la-prostitucion\\\/#primaryimage\"},\"thumbnailUrl\":\"https:\\\/\\\/albal.es\\\/content-albal\\\/uploads\\\/2022\\\/05\\\/WhatsApp-Image-2022-05-12-at-1.18.58-PM-1.jpg\",\"articleSection\":[\"Ayuntamiento\",\"Municipio\",\"Social\"],\"inLanguage\":\"es\"},{\"@type\":\"WebPage\",\"@id\":\"https:\\\/\\\/albal.es\\\/es\\\/noticies\\\/el-consejo-pone-a-albal-como-ejemplo-de-la-lucha-contra-la-prostitucion\\\/\",\"url\":\"https:\\\/\\\/albal.es\\\/es\\\/noticies\\\/el-consejo-pone-a-albal-como-ejemplo-de-la-lucha-contra-la-prostitucion\\\/\",\"name\":\"El Consell pone Albal como ejemplo de la lucha contra la prostituci\u00f3n - Ajuntament d&#039;Albal\",\"isPartOf\":{\"@id\":\"https:\\\/\\\/albal.es\\\/es\\\/#website\"},\"primaryImageOfPage\":{\"@id\":\"https:\\\/\\\/albal.es\\\/es\\\/noticies\\\/el-consejo-pone-a-albal-como-ejemplo-de-la-lucha-contra-la-prostitucion\\\/#primaryimage\"},\"image\":{\"@id\":\"https:\\\/\\\/albal.es\\\/es\\\/noticies\\\/el-consejo-pone-a-albal-como-ejemplo-de-la-lucha-contra-la-prostitucion\\\/#primaryimage\"},\"thumbnailUrl\":\"https:\\\/\\\/albal.es\\\/content-albal\\\/uploads\\\/2022\\\/05\\\/WhatsApp-Image-2022-05-12-at-1.18.58-PM-1.jpg\",\"datePublished\":\"2022-05-12T13:14:57+00:00\",\"breadcrumb\":{\"@id\":\"https:\\\/\\\/albal.es\\\/es\\\/noticies\\\/el-consejo-pone-a-albal-como-ejemplo-de-la-lucha-contra-la-prostitucion\\\/#breadcrumb\"},\"inLanguage\":\"es\",\"potentialAction\":[{\"@type\":\"ReadAction\",\"target\":[\"https:\\\/\\\/albal.es\\\/es\\\/noticies\\\/el-consejo-pone-a-albal-como-ejemplo-de-la-lucha-contra-la-prostitucion\\\/\"]}]},{\"@type\":\"ImageObject\",\"inLanguage\":\"es\",\"@id\":\"https:\\\/\\\/albal.es\\\/es\\\/noticies\\\/el-consejo-pone-a-albal-como-ejemplo-de-la-lucha-contra-la-prostitucion\\\/#primaryimage\",\"url\":\"https:\\\/\\\/albal.es\\\/content-albal\\\/uploads\\\/2022\\\/05\\\/WhatsApp-Image-2022-05-12-at-1.18.58-PM-1.jpg\",\"contentUrl\":\"https:\\\/\\\/albal.es\\\/content-albal\\\/uploads\\\/2022\\\/05\\\/WhatsApp-Image-2022-05-12-at-1.18.58-PM-1.jpg\",\"width\":800,\"height\":1067},{\"@type\":\"BreadcrumbList\",\"@id\":\"https:\\\/\\\/albal.es\\\/es\\\/noticies\\\/el-consejo-pone-a-albal-como-ejemplo-de-la-lucha-contra-la-prostitucion\\\/#breadcrumb\",\"itemListElement\":[{\"@type\":\"ListItem\",\"position\":1,\"name\":\"Inici\",\"item\":\"https:\\\/\\\/albal.es\\\/es\\\/\"},{\"@type\":\"ListItem\",\"position\":2,\"name\":\"El Consell pone Albal como ejemplo de la lucha contra la prostituci\u00f3n\"}]},{\"@type\":\"WebSite\",\"@id\":\"https:\\\/\\\/albal.es\\\/es\\\/#website\",\"url\":\"https:\\\/\\\/albal.es\\\/es\\\/\",\"name\":\"Ajuntament d&#039;Albal\",\"description\":\"Ajuntament d&#039;Albal\",\"publisher\":{\"@id\":\"https:\\\/\\\/albal.es\\\/es\\\/#organization\"},\"potentialAction\":[{\"@type\":\"SearchAction\",\"target\":{\"@type\":\"EntryPoint\",\"urlTemplate\":\"https:\\\/\\\/albal.es\\\/es\\\/?s={search_term_string}\"},\"query-input\":{\"@type\":\"PropertyValueSpecification\",\"valueRequired\":true,\"valueName\":\"search_term_string\"}}],\"inLanguage\":\"es\"},{\"@type\":\"Organization\",\"@id\":\"https:\\\/\\\/albal.es\\\/es\\\/#organization\",\"name\":\"Ajuntament d'Albal - Valencia\",\"url\":\"https:\\\/\\\/albal.es\\\/es\\\/\",\"logo\":{\"@type\":\"ImageObject\",\"inLanguage\":\"es\",\"@id\":\"https:\\\/\\\/albal.es\\\/es\\\/#\\\/schema\\\/logo\\\/image\\\/\",\"url\":\"https:\\\/\\\/albal.es\\\/content-albal\\\/uploads\\\/2020\\\/06\\\/logo-ayuntamiento-albal.png\",\"contentUrl\":\"https:\\\/\\\/albal.es\\\/content-albal\\\/uploads\\\/2020\\\/06\\\/logo-ayuntamiento-albal.png\",\"width\":367,\"height\":332,\"caption\":\"Ajuntament d'Albal - Valencia\"},\"image\":{\"@id\":\"https:\\\/\\\/albal.es\\\/es\\\/#\\\/schema\\\/logo\\\/image\\\/\"},\"sameAs\":[\"https:\\\/\\\/facebook.com\\\/AjuntamentAlbal\\\/\"]},{\"@type\":\"Person\",\"@id\":\"https:\\\/\\\/albal.es\\\/es\\\/#\\\/schema\\\/person\\\/ae29ef751fc57095742fd1bc34bd3e52\",\"name\":\"Cristina Pomares Fern\u00e1ndez\"}]}<\/script>\n<!-- \/ Yoast SEO plugin. -->","yoast_head_json":{"title":"El Consell pone Albal como ejemplo de la lucha contra la prostituci\u00f3n - Ajuntament d&#039;Albal","robots":{"index":"index","follow":"follow","max-snippet":"max-snippet:-1","max-image-preview":"max-image-preview:large","max-video-preview":"max-video-preview:-1"},"canonical":"https:\/\/albal.es\/es\/noticies\/el-consejo-pone-a-albal-como-ejemplo-de-la-lucha-contra-la-prostitucion\/","og_locale":"es_ES","og_type":"article","og_title":"El Consell pone Albal como ejemplo de la lucha contra la prostituci\u00f3n - Ajuntament d&#039;Albal","og_description":"Albal llevar\u00e1 a la sesi\u00f3n informativa del lunes la modificaci\u00f3n de la ordenanza municipal abolicionista de la prostituci\u00f3n y la explotaci\u00f3n sexual para adherirse al modelo de la Generalitat que ha presentado hoy en Mislata la consellera de Justicia Gabriela Bravo y que incrementa la sanci\u00f3n hasta los 3.000 euros","og_site_name":"Ajuntament d&#039;Albal","article_publisher":"https:\/\/facebook.com\/AjuntamentAlbal\/","article_published_time":"2022-05-12T13:14:57+00:00","og_image":[{"width":800,"height":1067,"url":"https:\/\/albal.es\/content-albal\/uploads\/2022\/05\/WhatsApp-Image-2022-05-12-at-1.18.58-PM-1.jpg","type":"image\/jpeg"}],"author":"Cristina Pomares Fern\u00e1ndez","twitter_card":"summary_large_image","twitter_misc":{"Escrito por":"Cristina Pomares Fern\u00e1ndez","Tiempo de lectura":"2 minutos","Written by":"Cristina Pomares Fern\u00e1ndez"},"schema":{"@context":"https:\/\/schema.org","@graph":[{"@type":"Article","@id":"https:\/\/albal.es\/es\/noticies\/el-consejo-pone-a-albal-como-ejemplo-de-la-lucha-contra-la-prostitucion\/#article","isPartOf":{"@id":"https:\/\/albal.es\/es\/noticies\/el-consejo-pone-a-albal-como-ejemplo-de-la-lucha-contra-la-prostitucion\/"},"author":{"name":"Cristina Pomares Fern\u00e1ndez","@id":"https:\/\/albal.es\/es\/#\/schema\/person\/ae29ef751fc57095742fd1bc34bd3e52"},"headline":"El Consell pone Albal como ejemplo de la lucha contra la prostituci\u00f3n","datePublished":"2022-05-12T13:14:57+00:00","mainEntityOfPage":{"@id":"https:\/\/albal.es\/es\/noticies\/el-consejo-pone-a-albal-como-ejemplo-de-la-lucha-contra-la-prostitucion\/"},"wordCount":441,"publisher":{"@id":"https:\/\/albal.es\/es\/#organization"},"image":{"@id":"https:\/\/albal.es\/es\/noticies\/el-consejo-pone-a-albal-como-ejemplo-de-la-lucha-contra-la-prostitucion\/#primaryimage"},"thumbnailUrl":"https:\/\/albal.es\/content-albal\/uploads\/2022\/05\/WhatsApp-Image-2022-05-12-at-1.18.58-PM-1.jpg","articleSection":["Ayuntamiento","Municipio","Social"],"inLanguage":"es"},{"@type":"WebPage","@id":"https:\/\/albal.es\/es\/noticies\/el-consejo-pone-a-albal-como-ejemplo-de-la-lucha-contra-la-prostitucion\/","url":"https:\/\/albal.es\/es\/noticies\/el-consejo-pone-a-albal-como-ejemplo-de-la-lucha-contra-la-prostitucion\/","name":"El Consell pone Albal como ejemplo de la lucha contra la prostituci\u00f3n - Ajuntament d&#039;Albal","isPartOf":{"@id":"https:\/\/albal.es\/es\/#website"},"primaryImageOfPage":{"@id":"https:\/\/albal.es\/es\/noticies\/el-consejo-pone-a-albal-como-ejemplo-de-la-lucha-contra-la-prostitucion\/#primaryimage"},"image":{"@id":"https:\/\/albal.es\/es\/noticies\/el-consejo-pone-a-albal-como-ejemplo-de-la-lucha-contra-la-prostitucion\/#primaryimage"},"thumbnailUrl":"https:\/\/albal.es\/content-albal\/uploads\/2022\/05\/WhatsApp-Image-2022-05-12-at-1.18.58-PM-1.jpg","datePublished":"2022-05-12T13:14:57+00:00","breadcrumb":{"@id":"https:\/\/albal.es\/es\/noticies\/el-consejo-pone-a-albal-como-ejemplo-de-la-lucha-contra-la-prostitucion\/#breadcrumb"},"inLanguage":"es","potentialAction":[{"@type":"ReadAction","target":["https:\/\/albal.es\/es\/noticies\/el-consejo-pone-a-albal-como-ejemplo-de-la-lucha-contra-la-prostitucion\/"]}]},{"@type":"ImageObject","inLanguage":"es","@id":"https:\/\/albal.es\/es\/noticies\/el-consejo-pone-a-albal-como-ejemplo-de-la-lucha-contra-la-prostitucion\/#primaryimage","url":"https:\/\/albal.es\/content-albal\/uploads\/2022\/05\/WhatsApp-Image-2022-05-12-at-1.18.58-PM-1.jpg","contentUrl":"https:\/\/albal.es\/content-albal\/uploads\/2022\/05\/WhatsApp-Image-2022-05-12-at-1.18.58-PM-1.jpg","width":800,"height":1067},{"@type":"BreadcrumbList","@id":"https:\/\/albal.es\/es\/noticies\/el-consejo-pone-a-albal-como-ejemplo-de-la-lucha-contra-la-prostitucion\/#breadcrumb","itemListElement":[{"@type":"ListItem","position":1,"name":"Inici","item":"https:\/\/albal.es\/es\/"},{"@type":"ListItem","position":2,"name":"El Consell pone Albal como ejemplo de la lucha contra la prostituci\u00f3n"}]},{"@type":"WebSite","@id":"https:\/\/albal.es\/es\/#website","url":"https:\/\/albal.es\/es\/","name":"Ajuntament d&#039;Albal","description":"Ajuntament d&#039;Albal","publisher":{"@id":"https:\/\/albal.es\/es\/#organization"},"potentialAction":[{"@type":"SearchAction","target":{"@type":"EntryPoint","urlTemplate":"https:\/\/albal.es\/es\/?s={search_term_string}"},"query-input":{"@type":"PropertyValueSpecification","valueRequired":true,"valueName":"search_term_string"}}],"inLanguage":"es"},{"@type":"Organization","@id":"https:\/\/albal.es\/es\/#organization","name":"Ajuntament d'Albal - Valencia","url":"https:\/\/albal.es\/es\/","logo":{"@type":"ImageObject","inLanguage":"es","@id":"https:\/\/albal.es\/es\/#\/schema\/logo\/image\/","url":"https:\/\/albal.es\/content-albal\/uploads\/2020\/06\/logo-ayuntamiento-albal.png","contentUrl":"https:\/\/albal.es\/content-albal\/uploads\/2020\/06\/logo-ayuntamiento-albal.png","width":367,"height":332,"caption":"Ajuntament d'Albal - Valencia"},"image":{"@id":"https:\/\/albal.es\/es\/#\/schema\/logo\/image\/"},"sameAs":["https:\/\/facebook.com\/AjuntamentAlbal\/"]},{"@type":"Person","@id":"https:\/\/albal.es\/es\/#\/schema\/person\/ae29ef751fc57095742fd1bc34bd3e52","name":"Cristina Pomares Fern\u00e1ndez"}]}},"publishpress_future_workflow_manual_trigger":{"enabledWorkflows":[]},"_links":{"self":[{"href":"https:\/\/albal.es\/es\/wp-json\/wp\/v2\/posts\/26193","targetHints":{"allow":["GET"]}}],"collection":[{"href":"https:\/\/albal.es\/es\/wp-json\/wp\/v2\/posts"}],"about":[{"href":"https:\/\/albal.es\/es\/wp-json\/wp\/v2\/types\/post"}],"author":[{"embeddable":true,"href":"https:\/\/albal.es\/es\/wp-json\/wp\/v2\/users\/31"}],"replies":[{"embeddable":true,"href":"https:\/\/albal.es\/es\/wp-json\/wp\/v2\/comments?post=26193"}],"version-history":[{"count":0,"href":"https:\/\/albal.es\/es\/wp-json\/wp\/v2\/posts\/26193\/revisions"}],"wp:featuredmedia":[{"embeddable":true,"href":"https:\/\/albal.es\/es\/wp-json\/wp\/v2\/media\/26191"}],"wp:attachment":[{"href":"https:\/\/albal.es\/es\/wp-json\/wp\/v2\/media?parent=26193"}],"wp:term":[{"taxonomy":"category","embeddable":true,"href":"https:\/\/albal.es\/es\/wp-json\/wp\/v2\/categories?post=26193"},{"taxonomy":"post_tag","embeddable":true,"href":"https:\/\/albal.es\/es\/wp-json\/wp\/v2\/tags?post=26193"},{"taxonomy":"author","embeddable":true,"href":"https:\/\/albal.es\/es\/wp-json\/wp\/v2\/coauthors?post=26193"}],"curies":[{"name":"wp","href":"https:\/\/api.w.org\/{rel}","templated":true}]}}