

{"id":26075,"date":"2022-05-09T10:51:09","date_gmt":"2022-05-09T08:51:09","guid":{"rendered":"https:\/\/albal.es\/noticies\/albal-pone-en-marcha-la-primera-sesion-del-consejo-de-la-infancia\/"},"modified":"2022-05-09T10:51:09","modified_gmt":"2022-05-09T08:51:09","slug":"albal-pone-en-marcha-la-primera-sesion-del-consejo-de-la-infancia","status":"publish","type":"post","link":"https:\/\/albal.es\/es\/noticies\/albal-pone-en-marcha-la-primera-sesion-del-consejo-de-la-infancia\/","title":{"rendered":"Albal pone en marcha la primera sesi\u00f3n del Consejo de la Infancia"},"content":{"rendered":"<p>El Ayuntamiento de Albal cuenta a partir de este viernes con una nueva herramienta para conocer y dar voz en la poblaci\u00f3n m\u00e1s joven.<\/p>\n<p>Esta tarde se ha iniciado la primera sesi\u00f3n del Consejo de la Infancia de Albal, una iniciativa impulsada desde la concejal\u00eda de Educaci\u00f3n del consistorio y en el cual participan los centros educativos de la localidad.<\/p>\n<p>Son 16 los consejeros y consejeras que forman parte de este nuevo \u00f3rgano, representantes de los diferentes colegios del municipio y tambi\u00e9n del instituto de secundaria, alumnas de los ciclos de 5\u00b0 de primaria y 1\u00b0 de la ESO.<\/p>\n<p>Su funci\u00f3n ser\u00e1 expresar y poner de manifiesto propuestas y sugerencias para mejorar el municipio con una perspectiva juvenil.<\/p>\n","protected":false},"excerpt":{"rendered":"<p>El Ayuntamiento de Albal cuenta a partir de este viernes con una nueva herramienta para conocer y dar voz en la poblaci\u00f3n m\u00e1s joven. Esta tarde se ha iniciado la primera sesi\u00f3n del Consejo de la Infancia de Albal, una iniciativa impulsada desde la concejal\u00eda de Educaci\u00f3n del consistorio y en el cual participan los [&hellip;]<\/p>\n","protected":false},"author":31,"featured_media":26072,"comment_status":"closed","ping_status":"closed","sticky":false,"template":"","format":"standard","meta":{"_acf_changed":false,"_et_pb_use_builder":"","_et_pb_old_content":"","_et_gb_content_width":"","footnotes":""},"categories":[1,13],"tags":[],"coauthors":[86],"class_list":["post-26075","post","type-post","status-publish","format-standard","has-post-thumbnail","hentry","category-noticias-ayuntamiento","category-noticias-educacion"],"acf":[],"yoast_head":"<!-- This site is optimized with the Yoast SEO plugin v27.4 - https:\/\/yoast.com\/product\/yoast-seo-wordpress\/ -->\n<title>Albal pone en marcha la primera sesi\u00f3n del Consejo de la Infancia - Ajuntament d&#039;Albal<\/title>\n<meta name=\"robots\" content=\"index, follow, max-snippet:-1, max-image-preview:large, max-video-preview:-1\" \/>\n<link rel=\"canonical\" href=\"https:\/\/albal.es\/es\/noticies\/albal-pone-en-marcha-la-primera-sesion-del-consejo-de-la-infancia\/\" \/>\n<meta property=\"og:locale\" content=\"es_ES\" \/>\n<meta property=\"og:type\" content=\"article\" \/>\n<meta property=\"og:title\" content=\"Albal pone en marcha la primera sesi\u00f3n del Consejo de la Infancia - Ajuntament d&#039;Albal\" \/>\n<meta property=\"og:description\" content=\"El Ayuntamiento de Albal cuenta a partir de este viernes con una nueva herramienta para conocer y dar voz en la poblaci\u00f3n m\u00e1s joven. Esta tarde se ha iniciado la primera sesi\u00f3n del Consejo de la Infancia de Albal, una iniciativa impulsada desde la concejal\u00eda de Educaci\u00f3n del consistorio y en el cual participan los [&hellip;]\" \/>\n<meta property=\"og:site_name\" content=\"Ajuntament d&#039;Albal\" \/>\n<meta property=\"article:publisher\" content=\"https:\/\/facebook.com\/AjuntamentAlbal\/\" \/>\n<meta property=\"article:published_time\" content=\"2022-05-09T08:51:09+00:00\" \/>\n<meta property=\"og:image\" content=\"https:\/\/albal.es\/content-albal\/uploads\/2022\/05\/WhatsApp-Image-2022-05-06-at-8.39.13-PM-1.jpg\" \/>\n\t<meta property=\"og:image:width\" content=\"800\" \/>\n\t<meta property=\"og:image:height\" content=\"450\" \/>\n\t<meta property=\"og:image:type\" content=\"image\/jpeg\" \/>\n<meta name=\"author\" content=\"Cristina Pomares Fern\u00e1ndez\" \/>\n<meta name=\"twitter:card\" content=\"summary_large_image\" \/>\n<meta name=\"twitter:label1\" content=\"Escrito por\" \/>\n\t<meta name=\"twitter:data1\" content=\"Cristina Pomares Fern\u00e1ndez\" \/>\n\t<meta name=\"twitter:label2\" content=\"Tiempo de lectura\" \/>\n\t<meta name=\"twitter:data2\" content=\"1 minuto\" \/>\n\t<meta name=\"twitter:label3\" content=\"Written by\" \/>\n\t<meta name=\"twitter:data3\" content=\"Cristina Pomares Fern\u00e1ndez\" \/>\n<script type=\"application\/ld+json\" class=\"yoast-schema-graph\">{\"@context\":\"https:\\\/\\\/schema.org\",\"@graph\":[{\"@type\":\"Article\",\"@id\":\"https:\\\/\\\/albal.es\\\/es\\\/noticies\\\/albal-pone-en-marcha-la-primera-sesion-del-consejo-de-la-infancia\\\/#article\",\"isPartOf\":{\"@id\":\"https:\\\/\\\/albal.es\\\/es\\\/noticies\\\/albal-pone-en-marcha-la-primera-sesion-del-consejo-de-la-infancia\\\/\"},\"author\":{\"name\":\"Cristina Pomares Fern\u00e1ndez\",\"@id\":\"https:\\\/\\\/albal.es\\\/es\\\/#\\\/schema\\\/person\\\/ae29ef751fc57095742fd1bc34bd3e52\"},\"headline\":\"Albal pone en marcha la primera sesi\u00f3n del Consejo de la Infancia\",\"datePublished\":\"2022-05-09T08:51:09+00:00\",\"mainEntityOfPage\":{\"@id\":\"https:\\\/\\\/albal.es\\\/es\\\/noticies\\\/albal-pone-en-marcha-la-primera-sesion-del-consejo-de-la-infancia\\\/\"},\"wordCount\":135,\"publisher\":{\"@id\":\"https:\\\/\\\/albal.es\\\/es\\\/#organization\"},\"image\":{\"@id\":\"https:\\\/\\\/albal.es\\\/es\\\/noticies\\\/albal-pone-en-marcha-la-primera-sesion-del-consejo-de-la-infancia\\\/#primaryimage\"},\"thumbnailUrl\":\"https:\\\/\\\/albal.es\\\/content-albal\\\/uploads\\\/2022\\\/05\\\/WhatsApp-Image-2022-05-06-at-8.39.13-PM-1.jpg\",\"articleSection\":[\"Ayuntamiento\",\"Educaci\u00f3n\"],\"inLanguage\":\"es\"},{\"@type\":\"WebPage\",\"@id\":\"https:\\\/\\\/albal.es\\\/es\\\/noticies\\\/albal-pone-en-marcha-la-primera-sesion-del-consejo-de-la-infancia\\\/\",\"url\":\"https:\\\/\\\/albal.es\\\/es\\\/noticies\\\/albal-pone-en-marcha-la-primera-sesion-del-consejo-de-la-infancia\\\/\",\"name\":\"Albal pone en marcha la primera sesi\u00f3n del Consejo de la Infancia - Ajuntament d&#039;Albal\",\"isPartOf\":{\"@id\":\"https:\\\/\\\/albal.es\\\/es\\\/#website\"},\"primaryImageOfPage\":{\"@id\":\"https:\\\/\\\/albal.es\\\/es\\\/noticies\\\/albal-pone-en-marcha-la-primera-sesion-del-consejo-de-la-infancia\\\/#primaryimage\"},\"image\":{\"@id\":\"https:\\\/\\\/albal.es\\\/es\\\/noticies\\\/albal-pone-en-marcha-la-primera-sesion-del-consejo-de-la-infancia\\\/#primaryimage\"},\"thumbnailUrl\":\"https:\\\/\\\/albal.es\\\/content-albal\\\/uploads\\\/2022\\\/05\\\/WhatsApp-Image-2022-05-06-at-8.39.13-PM-1.jpg\",\"datePublished\":\"2022-05-09T08:51:09+00:00\",\"breadcrumb\":{\"@id\":\"https:\\\/\\\/albal.es\\\/es\\\/noticies\\\/albal-pone-en-marcha-la-primera-sesion-del-consejo-de-la-infancia\\\/#breadcrumb\"},\"inLanguage\":\"es\",\"potentialAction\":[{\"@type\":\"ReadAction\",\"target\":[\"https:\\\/\\\/albal.es\\\/es\\\/noticies\\\/albal-pone-en-marcha-la-primera-sesion-del-consejo-de-la-infancia\\\/\"]}]},{\"@type\":\"ImageObject\",\"inLanguage\":\"es\",\"@id\":\"https:\\\/\\\/albal.es\\\/es\\\/noticies\\\/albal-pone-en-marcha-la-primera-sesion-del-consejo-de-la-infancia\\\/#primaryimage\",\"url\":\"https:\\\/\\\/albal.es\\\/content-albal\\\/uploads\\\/2022\\\/05\\\/WhatsApp-Image-2022-05-06-at-8.39.13-PM-1.jpg\",\"contentUrl\":\"https:\\\/\\\/albal.es\\\/content-albal\\\/uploads\\\/2022\\\/05\\\/WhatsApp-Image-2022-05-06-at-8.39.13-PM-1.jpg\",\"width\":800,\"height\":450},{\"@type\":\"BreadcrumbList\",\"@id\":\"https:\\\/\\\/albal.es\\\/es\\\/noticies\\\/albal-pone-en-marcha-la-primera-sesion-del-consejo-de-la-infancia\\\/#breadcrumb\",\"itemListElement\":[{\"@type\":\"ListItem\",\"position\":1,\"name\":\"Inici\",\"item\":\"https:\\\/\\\/albal.es\\\/es\\\/\"},{\"@type\":\"ListItem\",\"position\":2,\"name\":\"Albal pone en marcha la primera sesi\u00f3n del Consejo de la Infancia\"}]},{\"@type\":\"WebSite\",\"@id\":\"https:\\\/\\\/albal.es\\\/es\\\/#website\",\"url\":\"https:\\\/\\\/albal.es\\\/es\\\/\",\"name\":\"Ajuntament d&#039;Albal\",\"description\":\"Ajuntament d&#039;Albal\",\"publisher\":{\"@id\":\"https:\\\/\\\/albal.es\\\/es\\\/#organization\"},\"potentialAction\":[{\"@type\":\"SearchAction\",\"target\":{\"@type\":\"EntryPoint\",\"urlTemplate\":\"https:\\\/\\\/albal.es\\\/es\\\/?s={search_term_string}\"},\"query-input\":{\"@type\":\"PropertyValueSpecification\",\"valueRequired\":true,\"valueName\":\"search_term_string\"}}],\"inLanguage\":\"es\"},{\"@type\":\"Organization\",\"@id\":\"https:\\\/\\\/albal.es\\\/es\\\/#organization\",\"name\":\"Ajuntament d'Albal - Valencia\",\"url\":\"https:\\\/\\\/albal.es\\\/es\\\/\",\"logo\":{\"@type\":\"ImageObject\",\"inLanguage\":\"es\",\"@id\":\"https:\\\/\\\/albal.es\\\/es\\\/#\\\/schema\\\/logo\\\/image\\\/\",\"url\":\"https:\\\/\\\/albal.es\\\/content-albal\\\/uploads\\\/2020\\\/06\\\/logo-ayuntamiento-albal.png\",\"contentUrl\":\"https:\\\/\\\/albal.es\\\/content-albal\\\/uploads\\\/2020\\\/06\\\/logo-ayuntamiento-albal.png\",\"width\":367,\"height\":332,\"caption\":\"Ajuntament d'Albal - Valencia\"},\"image\":{\"@id\":\"https:\\\/\\\/albal.es\\\/es\\\/#\\\/schema\\\/logo\\\/image\\\/\"},\"sameAs\":[\"https:\\\/\\\/facebook.com\\\/AjuntamentAlbal\\\/\"]},{\"@type\":\"Person\",\"@id\":\"https:\\\/\\\/albal.es\\\/es\\\/#\\\/schema\\\/person\\\/ae29ef751fc57095742fd1bc34bd3e52\",\"name\":\"Cristina Pomares Fern\u00e1ndez\"}]}<\/script>\n<!-- \/ Yoast SEO plugin. -->","yoast_head_json":{"title":"Albal pone en marcha la primera sesi\u00f3n del Consejo de la Infancia - Ajuntament d&#039;Albal","robots":{"index":"index","follow":"follow","max-snippet":"max-snippet:-1","max-image-preview":"max-image-preview:large","max-video-preview":"max-video-preview:-1"},"canonical":"https:\/\/albal.es\/es\/noticies\/albal-pone-en-marcha-la-primera-sesion-del-consejo-de-la-infancia\/","og_locale":"es_ES","og_type":"article","og_title":"Albal pone en marcha la primera sesi\u00f3n del Consejo de la Infancia - Ajuntament d&#039;Albal","og_description":"El Ayuntamiento de Albal cuenta a partir de este viernes con una nueva herramienta para conocer y dar voz en la poblaci\u00f3n m\u00e1s joven. Esta tarde se ha iniciado la primera sesi\u00f3n del Consejo de la Infancia de Albal, una iniciativa impulsada desde la concejal\u00eda de Educaci\u00f3n del consistorio y en el cual participan los [&hellip;]","og_site_name":"Ajuntament d&#039;Albal","article_publisher":"https:\/\/facebook.com\/AjuntamentAlbal\/","article_published_time":"2022-05-09T08:51:09+00:00","og_image":[{"width":800,"height":450,"url":"https:\/\/albal.es\/content-albal\/uploads\/2022\/05\/WhatsApp-Image-2022-05-06-at-8.39.13-PM-1.jpg","type":"image\/jpeg"}],"author":"Cristina Pomares Fern\u00e1ndez","twitter_card":"summary_large_image","twitter_misc":{"Escrito por":"Cristina Pomares Fern\u00e1ndez","Tiempo de lectura":"1 minuto","Written by":"Cristina Pomares Fern\u00e1ndez"},"schema":{"@context":"https:\/\/schema.org","@graph":[{"@type":"Article","@id":"https:\/\/albal.es\/es\/noticies\/albal-pone-en-marcha-la-primera-sesion-del-consejo-de-la-infancia\/#article","isPartOf":{"@id":"https:\/\/albal.es\/es\/noticies\/albal-pone-en-marcha-la-primera-sesion-del-consejo-de-la-infancia\/"},"author":{"name":"Cristina Pomares Fern\u00e1ndez","@id":"https:\/\/albal.es\/es\/#\/schema\/person\/ae29ef751fc57095742fd1bc34bd3e52"},"headline":"Albal pone en marcha la primera sesi\u00f3n del Consejo de la Infancia","datePublished":"2022-05-09T08:51:09+00:00","mainEntityOfPage":{"@id":"https:\/\/albal.es\/es\/noticies\/albal-pone-en-marcha-la-primera-sesion-del-consejo-de-la-infancia\/"},"wordCount":135,"publisher":{"@id":"https:\/\/albal.es\/es\/#organization"},"image":{"@id":"https:\/\/albal.es\/es\/noticies\/albal-pone-en-marcha-la-primera-sesion-del-consejo-de-la-infancia\/#primaryimage"},"thumbnailUrl":"https:\/\/albal.es\/content-albal\/uploads\/2022\/05\/WhatsApp-Image-2022-05-06-at-8.39.13-PM-1.jpg","articleSection":["Ayuntamiento","Educaci\u00f3n"],"inLanguage":"es"},{"@type":"WebPage","@id":"https:\/\/albal.es\/es\/noticies\/albal-pone-en-marcha-la-primera-sesion-del-consejo-de-la-infancia\/","url":"https:\/\/albal.es\/es\/noticies\/albal-pone-en-marcha-la-primera-sesion-del-consejo-de-la-infancia\/","name":"Albal pone en marcha la primera sesi\u00f3n del Consejo de la Infancia - Ajuntament d&#039;Albal","isPartOf":{"@id":"https:\/\/albal.es\/es\/#website"},"primaryImageOfPage":{"@id":"https:\/\/albal.es\/es\/noticies\/albal-pone-en-marcha-la-primera-sesion-del-consejo-de-la-infancia\/#primaryimage"},"image":{"@id":"https:\/\/albal.es\/es\/noticies\/albal-pone-en-marcha-la-primera-sesion-del-consejo-de-la-infancia\/#primaryimage"},"thumbnailUrl":"https:\/\/albal.es\/content-albal\/uploads\/2022\/05\/WhatsApp-Image-2022-05-06-at-8.39.13-PM-1.jpg","datePublished":"2022-05-09T08:51:09+00:00","breadcrumb":{"@id":"https:\/\/albal.es\/es\/noticies\/albal-pone-en-marcha-la-primera-sesion-del-consejo-de-la-infancia\/#breadcrumb"},"inLanguage":"es","potentialAction":[{"@type":"ReadAction","target":["https:\/\/albal.es\/es\/noticies\/albal-pone-en-marcha-la-primera-sesion-del-consejo-de-la-infancia\/"]}]},{"@type":"ImageObject","inLanguage":"es","@id":"https:\/\/albal.es\/es\/noticies\/albal-pone-en-marcha-la-primera-sesion-del-consejo-de-la-infancia\/#primaryimage","url":"https:\/\/albal.es\/content-albal\/uploads\/2022\/05\/WhatsApp-Image-2022-05-06-at-8.39.13-PM-1.jpg","contentUrl":"https:\/\/albal.es\/content-albal\/uploads\/2022\/05\/WhatsApp-Image-2022-05-06-at-8.39.13-PM-1.jpg","width":800,"height":450},{"@type":"BreadcrumbList","@id":"https:\/\/albal.es\/es\/noticies\/albal-pone-en-marcha-la-primera-sesion-del-consejo-de-la-infancia\/#breadcrumb","itemListElement":[{"@type":"ListItem","position":1,"name":"Inici","item":"https:\/\/albal.es\/es\/"},{"@type":"ListItem","position":2,"name":"Albal pone en marcha la primera sesi\u00f3n del Consejo de la Infancia"}]},{"@type":"WebSite","@id":"https:\/\/albal.es\/es\/#website","url":"https:\/\/albal.es\/es\/","name":"Ajuntament d&#039;Albal","description":"Ajuntament d&#039;Albal","publisher":{"@id":"https:\/\/albal.es\/es\/#organization"},"potentialAction":[{"@type":"SearchAction","target":{"@type":"EntryPoint","urlTemplate":"https:\/\/albal.es\/es\/?s={search_term_string}"},"query-input":{"@type":"PropertyValueSpecification","valueRequired":true,"valueName":"search_term_string"}}],"inLanguage":"es"},{"@type":"Organization","@id":"https:\/\/albal.es\/es\/#organization","name":"Ajuntament d'Albal - Valencia","url":"https:\/\/albal.es\/es\/","logo":{"@type":"ImageObject","inLanguage":"es","@id":"https:\/\/albal.es\/es\/#\/schema\/logo\/image\/","url":"https:\/\/albal.es\/content-albal\/uploads\/2020\/06\/logo-ayuntamiento-albal.png","contentUrl":"https:\/\/albal.es\/content-albal\/uploads\/2020\/06\/logo-ayuntamiento-albal.png","width":367,"height":332,"caption":"Ajuntament d'Albal - Valencia"},"image":{"@id":"https:\/\/albal.es\/es\/#\/schema\/logo\/image\/"},"sameAs":["https:\/\/facebook.com\/AjuntamentAlbal\/"]},{"@type":"Person","@id":"https:\/\/albal.es\/es\/#\/schema\/person\/ae29ef751fc57095742fd1bc34bd3e52","name":"Cristina Pomares Fern\u00e1ndez"}]}},"publishpress_future_workflow_manual_trigger":{"enabledWorkflows":[]},"_links":{"self":[{"href":"https:\/\/albal.es\/es\/wp-json\/wp\/v2\/posts\/26075","targetHints":{"allow":["GET"]}}],"collection":[{"href":"https:\/\/albal.es\/es\/wp-json\/wp\/v2\/posts"}],"about":[{"href":"https:\/\/albal.es\/es\/wp-json\/wp\/v2\/types\/post"}],"author":[{"embeddable":true,"href":"https:\/\/albal.es\/es\/wp-json\/wp\/v2\/users\/31"}],"replies":[{"embeddable":true,"href":"https:\/\/albal.es\/es\/wp-json\/wp\/v2\/comments?post=26075"}],"version-history":[{"count":0,"href":"https:\/\/albal.es\/es\/wp-json\/wp\/v2\/posts\/26075\/revisions"}],"wp:featuredmedia":[{"embeddable":true,"href":"https:\/\/albal.es\/es\/wp-json\/wp\/v2\/media\/26072"}],"wp:attachment":[{"href":"https:\/\/albal.es\/es\/wp-json\/wp\/v2\/media?parent=26075"}],"wp:term":[{"taxonomy":"category","embeddable":true,"href":"https:\/\/albal.es\/es\/wp-json\/wp\/v2\/categories?post=26075"},{"taxonomy":"post_tag","embeddable":true,"href":"https:\/\/albal.es\/es\/wp-json\/wp\/v2\/tags?post=26075"},{"taxonomy":"author","embeddable":true,"href":"https:\/\/albal.es\/es\/wp-json\/wp\/v2\/coauthors?post=26075"}],"curies":[{"name":"wp","href":"https:\/\/api.w.org\/{rel}","templated":true}]}}