

{"id":22874,"date":"2022-02-21T16:56:51","date_gmt":"2022-02-21T15:56:51","guid":{"rendered":"https:\/\/albal.es\/noticies\/fecacv-inicia-los-actos-conmemorativos-por-el-dia-de-andalucia-en-albal\/"},"modified":"2022-02-21T16:56:51","modified_gmt":"2022-02-21T15:56:51","slug":"fecacv-inicia-los-actos-conmemorativos-por-el-dia-de-andalucia-en-albal","status":"publish","type":"post","link":"https:\/\/albal.es\/es\/noticies\/fecacv-inicia-los-actos-conmemorativos-por-el-dia-de-andalucia-en-albal\/","title":{"rendered":"FECACV inicia los actos conmemorativos por el D\u00eda de Andaluc\u00eda en Albal"},"content":{"rendered":"<div class=\"cxmmr5t8 oygrvhab hcukyx3x c1et5uql o9v6fnle ii04i59q\">\n<div dir=\"auto\">La Federaci\u00f3n Entidades Culturales Andaluzas en la Comunidad Valenciana (FECACV) ha celebrado los actos conmemorativos por el D\u00eda de Andaluc\u00eda, que este a\u00f1o homenajean Ja\u00e9n<\/div>\n<\/div>\n<div class=\"cxmmr5t8 oygrvhab hcukyx3x c1et5uql o9v6fnle ii04i59q\">\n<div dir=\"auto\"><\/div>\n<div dir=\"auto\">La programaci\u00f3n se iniciaba en Albal, con la cena de gala que reuni\u00f3 a autoridades y asociaciones andaluzas de toda la comunidad. Por parte de la localidad acudieron al evento el alcalde Ram\u00f3n Mar\u00ed, el portavoz del Partido Popular Jos\u00e9 Miguel Ferris y la presidenta de la asociaci\u00f3n local (ACA Albal), Ana Bel\u00e9n Cabrera, que fueron recibidos por la presidenta de FECACV, Puri Torres y la reina de la entidad, Estrella Peir\u00f3.<\/div>\n<div dir=\"auto\"><\/div>\n<div dir=\"auto\">La celebraci\u00f3n continu\u00f3 el fin de semana. El s\u00e1bado 19 de febrero, el Palacio de Congresos acogi\u00f3 el festival de folclore andaluz con la actuaci\u00f3n de los cuadros de bailes de las entidades de FECACV y del grupo SOMOS DEL SUR. La misa rociera y la ofrenda floral en honor a la Virgen del Roc\u00edo tuvo lugar ayer en la Iglesia de San Lu\u00eds Beltr\u00e1n de Valencia, poniendo el broche de oro a una jornada que se retomaba primera vez, tras la pandemia de la COVID-19.<\/div>\n<\/div>\n","protected":false},"excerpt":{"rendered":"<p>La Federaci\u00f3n Entidades Culturales Andaluzas en la Comunidad Valenciana (FECACV) ha celebrado los actos conmemorativos por el D\u00eda de Andaluc\u00eda, que este a\u00f1o homenajean Ja\u00e9n La programaci\u00f3n se iniciaba en Albal, con la cena de gala que reuni\u00f3 a autoridades y asociaciones andaluzas de toda la comunidad. Por parte de la localidad acudieron al evento [&hellip;]<\/p>\n","protected":false},"author":31,"featured_media":22870,"comment_status":"closed","ping_status":"closed","sticky":false,"template":"","format":"standard","meta":{"_acf_changed":false,"_et_pb_use_builder":"","_et_pb_old_content":"","_et_gb_content_width":"","footnotes":""},"categories":[12],"tags":[],"coauthors":[86],"class_list":["post-22874","post","type-post","status-publish","format-standard","has-post-thumbnail","hentry","category-noticias-cultura"],"acf":[],"yoast_head":"<!-- This site is optimized with the Yoast SEO plugin v27.4 - https:\/\/yoast.com\/product\/yoast-seo-wordpress\/ -->\n<title>FECACV inicia los actos conmemorativos por el D\u00eda de Andaluc\u00eda en Albal - Ajuntament d&#039;Albal<\/title>\n<meta name=\"robots\" content=\"index, follow, max-snippet:-1, max-image-preview:large, max-video-preview:-1\" \/>\n<link rel=\"canonical\" href=\"https:\/\/albal.es\/es\/noticies\/fecacv-inicia-los-actos-conmemorativos-por-el-dia-de-andalucia-en-albal\/\" \/>\n<meta property=\"og:locale\" content=\"es_ES\" \/>\n<meta property=\"og:type\" content=\"article\" \/>\n<meta property=\"og:title\" content=\"FECACV inicia los actos conmemorativos por el D\u00eda de Andaluc\u00eda en Albal - Ajuntament d&#039;Albal\" \/>\n<meta property=\"og:description\" content=\"La Federaci\u00f3n Entidades Culturales Andaluzas en la Comunidad Valenciana (FECACV) ha celebrado los actos conmemorativos por el D\u00eda de Andaluc\u00eda, que este a\u00f1o homenajean Ja\u00e9n La programaci\u00f3n se iniciaba en Albal, con la cena de gala que reuni\u00f3 a autoridades y asociaciones andaluzas de toda la comunidad. Por parte de la localidad acudieron al evento [&hellip;]\" \/>\n<meta property=\"og:site_name\" content=\"Ajuntament d&#039;Albal\" \/>\n<meta property=\"article:publisher\" content=\"https:\/\/facebook.com\/AjuntamentAlbal\/\" \/>\n<meta property=\"article:published_time\" content=\"2022-02-21T15:56:51+00:00\" \/>\n<meta property=\"og:image\" content=\"https:\/\/albal.es\/content-albal\/uploads\/2022\/02\/273997083_4632900923477115_2634344379002625700_n_opt.jpg\" \/>\n\t<meta property=\"og:image:width\" content=\"800\" \/>\n\t<meta property=\"og:image:height\" content=\"600\" \/>\n\t<meta property=\"og:image:type\" content=\"image\/jpeg\" \/>\n<meta name=\"author\" content=\"Cristina Pomares Fern\u00e1ndez\" \/>\n<meta name=\"twitter:card\" content=\"summary_large_image\" \/>\n<meta name=\"twitter:label1\" content=\"Escrito por\" \/>\n\t<meta name=\"twitter:data1\" content=\"Cristina Pomares Fern\u00e1ndez\" \/>\n\t<meta name=\"twitter:label2\" content=\"Tiempo de lectura\" \/>\n\t<meta name=\"twitter:data2\" content=\"1 minuto\" \/>\n\t<meta name=\"twitter:label3\" content=\"Written by\" \/>\n\t<meta name=\"twitter:data3\" content=\"Cristina Pomares Fern\u00e1ndez\" \/>\n<script type=\"application\/ld+json\" class=\"yoast-schema-graph\">{\"@context\":\"https:\\\/\\\/schema.org\",\"@graph\":[{\"@type\":\"Article\",\"@id\":\"https:\\\/\\\/albal.es\\\/es\\\/noticies\\\/fecacv-inicia-los-actos-conmemorativos-por-el-dia-de-andalucia-en-albal\\\/#article\",\"isPartOf\":{\"@id\":\"https:\\\/\\\/albal.es\\\/es\\\/noticies\\\/fecacv-inicia-los-actos-conmemorativos-por-el-dia-de-andalucia-en-albal\\\/\"},\"author\":{\"name\":\"Cristina Pomares Fern\u00e1ndez\",\"@id\":\"https:\\\/\\\/albal.es\\\/es\\\/#\\\/schema\\\/person\\\/ae29ef751fc57095742fd1bc34bd3e52\"},\"headline\":\"FECACV inicia los actos conmemorativos por el D\u00eda de Andaluc\u00eda en Albal\",\"datePublished\":\"2022-02-21T15:56:51+00:00\",\"mainEntityOfPage\":{\"@id\":\"https:\\\/\\\/albal.es\\\/es\\\/noticies\\\/fecacv-inicia-los-actos-conmemorativos-por-el-dia-de-andalucia-en-albal\\\/\"},\"wordCount\":211,\"publisher\":{\"@id\":\"https:\\\/\\\/albal.es\\\/es\\\/#organization\"},\"image\":{\"@id\":\"https:\\\/\\\/albal.es\\\/es\\\/noticies\\\/fecacv-inicia-los-actos-conmemorativos-por-el-dia-de-andalucia-en-albal\\\/#primaryimage\"},\"thumbnailUrl\":\"https:\\\/\\\/albal.es\\\/content-albal\\\/uploads\\\/2022\\\/02\\\/273997083_4632900923477115_2634344379002625700_n_opt.jpg\",\"articleSection\":[\"Cultura\"],\"inLanguage\":\"es\"},{\"@type\":\"WebPage\",\"@id\":\"https:\\\/\\\/albal.es\\\/es\\\/noticies\\\/fecacv-inicia-los-actos-conmemorativos-por-el-dia-de-andalucia-en-albal\\\/\",\"url\":\"https:\\\/\\\/albal.es\\\/es\\\/noticies\\\/fecacv-inicia-los-actos-conmemorativos-por-el-dia-de-andalucia-en-albal\\\/\",\"name\":\"FECACV inicia los actos conmemorativos por el D\u00eda de Andaluc\u00eda en Albal - Ajuntament d&#039;Albal\",\"isPartOf\":{\"@id\":\"https:\\\/\\\/albal.es\\\/es\\\/#website\"},\"primaryImageOfPage\":{\"@id\":\"https:\\\/\\\/albal.es\\\/es\\\/noticies\\\/fecacv-inicia-los-actos-conmemorativos-por-el-dia-de-andalucia-en-albal\\\/#primaryimage\"},\"image\":{\"@id\":\"https:\\\/\\\/albal.es\\\/es\\\/noticies\\\/fecacv-inicia-los-actos-conmemorativos-por-el-dia-de-andalucia-en-albal\\\/#primaryimage\"},\"thumbnailUrl\":\"https:\\\/\\\/albal.es\\\/content-albal\\\/uploads\\\/2022\\\/02\\\/273997083_4632900923477115_2634344379002625700_n_opt.jpg\",\"datePublished\":\"2022-02-21T15:56:51+00:00\",\"breadcrumb\":{\"@id\":\"https:\\\/\\\/albal.es\\\/es\\\/noticies\\\/fecacv-inicia-los-actos-conmemorativos-por-el-dia-de-andalucia-en-albal\\\/#breadcrumb\"},\"inLanguage\":\"es\",\"potentialAction\":[{\"@type\":\"ReadAction\",\"target\":[\"https:\\\/\\\/albal.es\\\/es\\\/noticies\\\/fecacv-inicia-los-actos-conmemorativos-por-el-dia-de-andalucia-en-albal\\\/\"]}]},{\"@type\":\"ImageObject\",\"inLanguage\":\"es\",\"@id\":\"https:\\\/\\\/albal.es\\\/es\\\/noticies\\\/fecacv-inicia-los-actos-conmemorativos-por-el-dia-de-andalucia-en-albal\\\/#primaryimage\",\"url\":\"https:\\\/\\\/albal.es\\\/content-albal\\\/uploads\\\/2022\\\/02\\\/273997083_4632900923477115_2634344379002625700_n_opt.jpg\",\"contentUrl\":\"https:\\\/\\\/albal.es\\\/content-albal\\\/uploads\\\/2022\\\/02\\\/273997083_4632900923477115_2634344379002625700_n_opt.jpg\",\"width\":800,\"height\":600,\"caption\":\"FECACV inicia els actes commemoratius pel Dia d'Andalusia a Albal\"},{\"@type\":\"BreadcrumbList\",\"@id\":\"https:\\\/\\\/albal.es\\\/es\\\/noticies\\\/fecacv-inicia-los-actos-conmemorativos-por-el-dia-de-andalucia-en-albal\\\/#breadcrumb\",\"itemListElement\":[{\"@type\":\"ListItem\",\"position\":1,\"name\":\"Inici\",\"item\":\"https:\\\/\\\/albal.es\\\/es\\\/\"},{\"@type\":\"ListItem\",\"position\":2,\"name\":\"FECACV inicia los actos conmemorativos por el D\u00eda de Andaluc\u00eda en Albal\"}]},{\"@type\":\"WebSite\",\"@id\":\"https:\\\/\\\/albal.es\\\/es\\\/#website\",\"url\":\"https:\\\/\\\/albal.es\\\/es\\\/\",\"name\":\"Ajuntament d&#039;Albal\",\"description\":\"Ajuntament d&#039;Albal\",\"publisher\":{\"@id\":\"https:\\\/\\\/albal.es\\\/es\\\/#organization\"},\"potentialAction\":[{\"@type\":\"SearchAction\",\"target\":{\"@type\":\"EntryPoint\",\"urlTemplate\":\"https:\\\/\\\/albal.es\\\/es\\\/?s={search_term_string}\"},\"query-input\":{\"@type\":\"PropertyValueSpecification\",\"valueRequired\":true,\"valueName\":\"search_term_string\"}}],\"inLanguage\":\"es\"},{\"@type\":\"Organization\",\"@id\":\"https:\\\/\\\/albal.es\\\/es\\\/#organization\",\"name\":\"Ajuntament d'Albal - Valencia\",\"url\":\"https:\\\/\\\/albal.es\\\/es\\\/\",\"logo\":{\"@type\":\"ImageObject\",\"inLanguage\":\"es\",\"@id\":\"https:\\\/\\\/albal.es\\\/es\\\/#\\\/schema\\\/logo\\\/image\\\/\",\"url\":\"https:\\\/\\\/albal.es\\\/content-albal\\\/uploads\\\/2020\\\/06\\\/logo-ayuntamiento-albal.png\",\"contentUrl\":\"https:\\\/\\\/albal.es\\\/content-albal\\\/uploads\\\/2020\\\/06\\\/logo-ayuntamiento-albal.png\",\"width\":367,\"height\":332,\"caption\":\"Ajuntament d'Albal - Valencia\"},\"image\":{\"@id\":\"https:\\\/\\\/albal.es\\\/es\\\/#\\\/schema\\\/logo\\\/image\\\/\"},\"sameAs\":[\"https:\\\/\\\/facebook.com\\\/AjuntamentAlbal\\\/\"]},{\"@type\":\"Person\",\"@id\":\"https:\\\/\\\/albal.es\\\/es\\\/#\\\/schema\\\/person\\\/ae29ef751fc57095742fd1bc34bd3e52\",\"name\":\"Cristina Pomares Fern\u00e1ndez\"}]}<\/script>\n<!-- \/ Yoast SEO plugin. -->","yoast_head_json":{"title":"FECACV inicia los actos conmemorativos por el D\u00eda de Andaluc\u00eda en Albal - Ajuntament d&#039;Albal","robots":{"index":"index","follow":"follow","max-snippet":"max-snippet:-1","max-image-preview":"max-image-preview:large","max-video-preview":"max-video-preview:-1"},"canonical":"https:\/\/albal.es\/es\/noticies\/fecacv-inicia-los-actos-conmemorativos-por-el-dia-de-andalucia-en-albal\/","og_locale":"es_ES","og_type":"article","og_title":"FECACV inicia los actos conmemorativos por el D\u00eda de Andaluc\u00eda en Albal - Ajuntament d&#039;Albal","og_description":"La Federaci\u00f3n Entidades Culturales Andaluzas en la Comunidad Valenciana (FECACV) ha celebrado los actos conmemorativos por el D\u00eda de Andaluc\u00eda, que este a\u00f1o homenajean Ja\u00e9n La programaci\u00f3n se iniciaba en Albal, con la cena de gala que reuni\u00f3 a autoridades y asociaciones andaluzas de toda la comunidad. Por parte de la localidad acudieron al evento [&hellip;]","og_site_name":"Ajuntament d&#039;Albal","article_publisher":"https:\/\/facebook.com\/AjuntamentAlbal\/","article_published_time":"2022-02-21T15:56:51+00:00","og_image":[{"width":800,"height":600,"url":"https:\/\/albal.es\/content-albal\/uploads\/2022\/02\/273997083_4632900923477115_2634344379002625700_n_opt.jpg","type":"image\/jpeg"}],"author":"Cristina Pomares Fern\u00e1ndez","twitter_card":"summary_large_image","twitter_misc":{"Escrito por":"Cristina Pomares Fern\u00e1ndez","Tiempo de lectura":"1 minuto","Written by":"Cristina Pomares Fern\u00e1ndez"},"schema":{"@context":"https:\/\/schema.org","@graph":[{"@type":"Article","@id":"https:\/\/albal.es\/es\/noticies\/fecacv-inicia-los-actos-conmemorativos-por-el-dia-de-andalucia-en-albal\/#article","isPartOf":{"@id":"https:\/\/albal.es\/es\/noticies\/fecacv-inicia-los-actos-conmemorativos-por-el-dia-de-andalucia-en-albal\/"},"author":{"name":"Cristina Pomares Fern\u00e1ndez","@id":"https:\/\/albal.es\/es\/#\/schema\/person\/ae29ef751fc57095742fd1bc34bd3e52"},"headline":"FECACV inicia los actos conmemorativos por el D\u00eda de Andaluc\u00eda en Albal","datePublished":"2022-02-21T15:56:51+00:00","mainEntityOfPage":{"@id":"https:\/\/albal.es\/es\/noticies\/fecacv-inicia-los-actos-conmemorativos-por-el-dia-de-andalucia-en-albal\/"},"wordCount":211,"publisher":{"@id":"https:\/\/albal.es\/es\/#organization"},"image":{"@id":"https:\/\/albal.es\/es\/noticies\/fecacv-inicia-los-actos-conmemorativos-por-el-dia-de-andalucia-en-albal\/#primaryimage"},"thumbnailUrl":"https:\/\/albal.es\/content-albal\/uploads\/2022\/02\/273997083_4632900923477115_2634344379002625700_n_opt.jpg","articleSection":["Cultura"],"inLanguage":"es"},{"@type":"WebPage","@id":"https:\/\/albal.es\/es\/noticies\/fecacv-inicia-los-actos-conmemorativos-por-el-dia-de-andalucia-en-albal\/","url":"https:\/\/albal.es\/es\/noticies\/fecacv-inicia-los-actos-conmemorativos-por-el-dia-de-andalucia-en-albal\/","name":"FECACV inicia los actos conmemorativos por el D\u00eda de Andaluc\u00eda en Albal - Ajuntament d&#039;Albal","isPartOf":{"@id":"https:\/\/albal.es\/es\/#website"},"primaryImageOfPage":{"@id":"https:\/\/albal.es\/es\/noticies\/fecacv-inicia-los-actos-conmemorativos-por-el-dia-de-andalucia-en-albal\/#primaryimage"},"image":{"@id":"https:\/\/albal.es\/es\/noticies\/fecacv-inicia-los-actos-conmemorativos-por-el-dia-de-andalucia-en-albal\/#primaryimage"},"thumbnailUrl":"https:\/\/albal.es\/content-albal\/uploads\/2022\/02\/273997083_4632900923477115_2634344379002625700_n_opt.jpg","datePublished":"2022-02-21T15:56:51+00:00","breadcrumb":{"@id":"https:\/\/albal.es\/es\/noticies\/fecacv-inicia-los-actos-conmemorativos-por-el-dia-de-andalucia-en-albal\/#breadcrumb"},"inLanguage":"es","potentialAction":[{"@type":"ReadAction","target":["https:\/\/albal.es\/es\/noticies\/fecacv-inicia-los-actos-conmemorativos-por-el-dia-de-andalucia-en-albal\/"]}]},{"@type":"ImageObject","inLanguage":"es","@id":"https:\/\/albal.es\/es\/noticies\/fecacv-inicia-los-actos-conmemorativos-por-el-dia-de-andalucia-en-albal\/#primaryimage","url":"https:\/\/albal.es\/content-albal\/uploads\/2022\/02\/273997083_4632900923477115_2634344379002625700_n_opt.jpg","contentUrl":"https:\/\/albal.es\/content-albal\/uploads\/2022\/02\/273997083_4632900923477115_2634344379002625700_n_opt.jpg","width":800,"height":600,"caption":"FECACV inicia els actes commemoratius pel Dia d'Andalusia a Albal"},{"@type":"BreadcrumbList","@id":"https:\/\/albal.es\/es\/noticies\/fecacv-inicia-los-actos-conmemorativos-por-el-dia-de-andalucia-en-albal\/#breadcrumb","itemListElement":[{"@type":"ListItem","position":1,"name":"Inici","item":"https:\/\/albal.es\/es\/"},{"@type":"ListItem","position":2,"name":"FECACV inicia los actos conmemorativos por el D\u00eda de Andaluc\u00eda en Albal"}]},{"@type":"WebSite","@id":"https:\/\/albal.es\/es\/#website","url":"https:\/\/albal.es\/es\/","name":"Ajuntament d&#039;Albal","description":"Ajuntament d&#039;Albal","publisher":{"@id":"https:\/\/albal.es\/es\/#organization"},"potentialAction":[{"@type":"SearchAction","target":{"@type":"EntryPoint","urlTemplate":"https:\/\/albal.es\/es\/?s={search_term_string}"},"query-input":{"@type":"PropertyValueSpecification","valueRequired":true,"valueName":"search_term_string"}}],"inLanguage":"es"},{"@type":"Organization","@id":"https:\/\/albal.es\/es\/#organization","name":"Ajuntament d'Albal - Valencia","url":"https:\/\/albal.es\/es\/","logo":{"@type":"ImageObject","inLanguage":"es","@id":"https:\/\/albal.es\/es\/#\/schema\/logo\/image\/","url":"https:\/\/albal.es\/content-albal\/uploads\/2020\/06\/logo-ayuntamiento-albal.png","contentUrl":"https:\/\/albal.es\/content-albal\/uploads\/2020\/06\/logo-ayuntamiento-albal.png","width":367,"height":332,"caption":"Ajuntament d'Albal - Valencia"},"image":{"@id":"https:\/\/albal.es\/es\/#\/schema\/logo\/image\/"},"sameAs":["https:\/\/facebook.com\/AjuntamentAlbal\/"]},{"@type":"Person","@id":"https:\/\/albal.es\/es\/#\/schema\/person\/ae29ef751fc57095742fd1bc34bd3e52","name":"Cristina Pomares Fern\u00e1ndez"}]}},"publishpress_future_workflow_manual_trigger":{"enabledWorkflows":[]},"_links":{"self":[{"href":"https:\/\/albal.es\/es\/wp-json\/wp\/v2\/posts\/22874","targetHints":{"allow":["GET"]}}],"collection":[{"href":"https:\/\/albal.es\/es\/wp-json\/wp\/v2\/posts"}],"about":[{"href":"https:\/\/albal.es\/es\/wp-json\/wp\/v2\/types\/post"}],"author":[{"embeddable":true,"href":"https:\/\/albal.es\/es\/wp-json\/wp\/v2\/users\/31"}],"replies":[{"embeddable":true,"href":"https:\/\/albal.es\/es\/wp-json\/wp\/v2\/comments?post=22874"}],"version-history":[{"count":0,"href":"https:\/\/albal.es\/es\/wp-json\/wp\/v2\/posts\/22874\/revisions"}],"wp:featuredmedia":[{"embeddable":true,"href":"https:\/\/albal.es\/es\/wp-json\/wp\/v2\/media\/22870"}],"wp:attachment":[{"href":"https:\/\/albal.es\/es\/wp-json\/wp\/v2\/media?parent=22874"}],"wp:term":[{"taxonomy":"category","embeddable":true,"href":"https:\/\/albal.es\/es\/wp-json\/wp\/v2\/categories?post=22874"},{"taxonomy":"post_tag","embeddable":true,"href":"https:\/\/albal.es\/es\/wp-json\/wp\/v2\/tags?post=22874"},{"taxonomy":"author","embeddable":true,"href":"https:\/\/albal.es\/es\/wp-json\/wp\/v2\/coauthors?post=22874"}],"curies":[{"name":"wp","href":"https:\/\/api.w.org\/{rel}","templated":true}]}}